{"id":11505,"date":"2024-02-05T15:16:08","date_gmt":"2024-02-05T15:16:08","guid":{"rendered":"https:\/\/www.latribunedufaso.net\/?p=11505"},"modified":"2024-02-05T15:16:08","modified_gmt":"2024-02-05T15:16:08","slug":"fonds-dappui-a-la-presse-privee-innovations-dans-les-conditions-de-subvention-et-de-credit","status":"publish","type":"post","link":"https:\/\/www.latribunedufaso.net\/?p=11505","title":{"rendered":"Fonds d&rsquo;appui \u00e0 la presse priv\u00e9e : Innovations dans les conditions de subvention et de cr\u00e9dit"},"content":{"rendered":"<p><span style=\"font-size: 1.0625rem;\">Le lundi 05 f\u00e9vrier 2024 \u00e0 Ouagadougou, le Fonds d&rsquo;appui \u00e0 la presse priv\u00e9e (FAPP) a anim\u00e9 une conf\u00e9rence de presse sur le nouvel arr\u00eat\u00e9 conjoint portant subvention de l&rsquo;Etat \u00e0 la presse priv\u00e9e. Ce point de presse vise \u00e0 donner aux professionnels de m\u00e9dias et \u00e0 l&rsquo;ensemble des burkinab\u00e8 des informations sur les innovations relatives aux conditions d&rsquo;acc\u00e8s des m\u00e9dias priv\u00e9s \u00e0 la subvention de l&rsquo;Etat et celles sur le volet cr\u00e9dit du FAPP.<\/span><br \/><!--more--><\/p>\n<p>En effet, afin d&rsquo;assurer aux entreprises de presse priv\u00e9e des conditions favorables \u00e0 leur mission de service public, l&rsquo;Etat Burkinab\u00e8 leur octroie chaque ann\u00e9e une subvention \u00e0 travers le FAPP. Selon le Directeur g\u00e9n\u00e9ral du FAPP, Ag Ibrahim Mohamed, la gestion de cette subvention est encadr\u00e9e par des arr\u00eat\u00e9s successifs dont le dernier en date est l&rsquo;arr\u00eat\u00e9 conjoint n\u00b02023-434\/MCCAT\/MEFP du 09 octobre 2023 portant gestion, administration, r\u00e9partition et justification de la subvention annuelle de l&rsquo;Etat \u00e0 la presse priv\u00e9e.<\/p>\n<p><a href=\"https:\/\/www.latribunedufaso.net\/wp-content\/uploads\/2024\/02\/IMG_20240205_101802_501-scaled.jpg\"><img loading=\"lazy\" decoding=\"async\" class=\"size-medium wp-image-11507 alignleft\" src=\"https:\/\/www.latribunedufaso.net\/wp-content\/uploads\/2024\/02\/IMG_20240205_101802_501-300x225.jpg\" alt=\"\" width=\"300\" height=\"225\" srcset=\"https:\/\/www.latribunedufaso.net\/wp-content\/uploads\/2024\/02\/IMG_20240205_101802_501-300x225.jpg 300w, https:\/\/www.latribunedufaso.net\/wp-content\/uploads\/2024\/02\/IMG_20240205_101802_501-1024x768.jpg 1024w, https:\/\/www.latribunedufaso.net\/wp-content\/uploads\/2024\/02\/IMG_20240205_101802_501-768x576.jpg 768w, https:\/\/www.latribunedufaso.net\/wp-content\/uploads\/2024\/02\/IMG_20240205_101802_501-1536x1152.jpg 1536w, https:\/\/www.latribunedufaso.net\/wp-content\/uploads\/2024\/02\/IMG_20240205_101802_501-2048x1536.jpg 2048w\" sizes=\"auto, (max-width: 300px) 100vw, 300px\" \/><\/a>La pr\u00e9sente conf\u00e9rence de presse vise donc \u00e0 vulgariser les innovations majeures de cet arr\u00eat\u00e9 et celles sur le volet du cr\u00e9dit FAPP. Ainsi, les principales innovations dudit arr\u00eat\u00e9 par rapport \u00e0 l&rsquo;ancien (du 05 mars 2021) sont entre autres :\u00a0<\/p>\n<p>&#8211; la date limite pour lancer l\u2019appel \u00e0 candidature au titre de la subvention est d\u00e9sormais le 30 avril de chaque ann\u00e9e au lieu du 1er avril de chaque ann\u00e9e ;<\/p>\n<p>&#8211; Les dossiers de candidature seront d\u00e9sormais recevables dans les guichets ouverts dans les r\u00e9gions ;<\/p>\n<p>&#8211; \u00eatre \u00e0 jour vis-\u00e0-vis de ses obligations fiscales et sociales est d\u00e9sormais un crit\u00e8re g\u00e9n\u00e9ral d\u2019\u00e9ligibilit\u00e9 \u00e0 la subvention de l\u2019Etat ;<\/p>\n<p>&#8211; les num\u00e9ros doubles des parutions sont d\u00e9sormais comptabilis\u00e9s comme une parution ;<\/p>\n<p>&#8211; l\u2019entreprise de presse en ligne, pour \u00eatre \u00e9ligible \u00e0 la subvention de l\u2019Etat doit d\u00e9sormais disposer d\u2019un site web en lieu et place d\u2019un nom de domaine, publier au moins 02 articles par jour produits par les journalistes de la r\u00e9daction ;<\/p>\n<p>&#8211; avoir minimum deux (02) ans d\u2019existence l\u00e9gale ;<\/p>\n<p>&#8211; les dipl\u00f4mes des journalistes ou leur acte de prise de service ne sont plus accept\u00e9s dans le dossier de candidature \u00e0 la subvention. Seules les copies de la carte de presse pour les journalistes et une copie du laisser-passer pour les techniciens sont d\u00e9sormais accept\u00e9es ;<\/p>\n<p>&#8211; la date limite pour lancer l\u2019appel \u00e0 candidature au titre de la subvention est d\u00e9sormais le 30 avril de chaque ann\u00e9e au lieu du 1er avril de chaque ann\u00e9e etc.<\/p>\n<p>\u00ab En ce qui concerne le volet cr\u00e9dit du FAPP, les appels \u00e0 projets seront d\u00e9sormais ouverts en permanence. Les dossiers de cr\u00e9dits des entreprises de presse priv\u00e9es seront recevables tous les jours ouvrables au si\u00e8ge de la structure et dans ses guichets ouverts aupr\u00e8s des directions r\u00e9gionales de la communication et des m\u00e9dias des r\u00e9gions des Hauts-Bassins et du Centre-Est \u00bb, a indiqu\u00e9 Ag Ibrahim Mohamed.<\/p>\n<p><strong>Issouf Tapsoba<\/strong><\/p>\n<p><strong>Latribunedufaso.net<\/strong><\/p>\n","protected":false},"excerpt":{"rendered":"<p>Le lundi 05 f\u00e9vrier 2024 \u00e0 Ouagadougou, le Fonds d&rsquo;appui \u00e0 la presse priv\u00e9e (FAPP) a anim\u00e9 une conf\u00e9rence de presse sur le nouvel arr\u00eat\u00e9 conjoint portant subvention de l&rsquo;Etat \u00e0 la presse priv\u00e9e. Ce point de presse vise \u00e0 donner aux professionnels de m\u00e9dias et \u00e0 l&rsquo;ensemble des burkinab\u00e8 des informations sur les innovations relatives aux conditions d&rsquo;acc\u00e8s des m\u00e9dias priv\u00e9s \u00e0 la subvention de l&rsquo;Etat et celles sur le volet cr\u00e9dit du FAPP.<\/p>\n","protected":false},"author":5,"featured_media":11506,"comment_status":"open","ping_status":"open","sticky":false,"template":"","format":"standard","meta":{"footnotes":""},"categories":[13,1,8],"tags":[],"class_list":["post-11505","post","type-post","status-publish","format-standard","has-post-thumbnail","hentry","category-une","category-actu","category-societe"],"yoast_head":"<!-- This site is optimized with the Yoast SEO plugin v27.5 - https:\/\/yoast.com\/product\/yoast-seo-wordpress\/ -->\n<title>Fonds d&#039;appui \u00e0 la presse priv\u00e9e : Innovations dans les conditions de subvention et de cr\u00e9dit - La Tribune du Faso<\/title>\n<meta name=\"robots\" content=\"index, follow, max-snippet:-1, max-image-preview:large, max-video-preview:-1\" \/>\n<link rel=\"canonical\" href=\"https:\/\/www.latribunedufaso.net\/?p=11505\" \/>\n<meta property=\"og:locale\" content=\"fr_FR\" \/>\n<meta property=\"og:type\" content=\"article\" \/>\n<meta property=\"og:title\" content=\"Fonds d&#039;appui \u00e0 la presse priv\u00e9e : Innovations dans les conditions de subvention et de cr\u00e9dit - La Tribune du Faso\" \/>\n<meta property=\"og:description\" content=\"Le lundi 05 f\u00e9vrier 2024 \u00e0 Ouagadougou, le Fonds d&rsquo;appui \u00e0 la presse priv\u00e9e (FAPP) a anim\u00e9 une conf\u00e9rence de presse sur le nouvel arr\u00eat\u00e9 conjoint portant subvention de l&rsquo;Etat \u00e0 la presse priv\u00e9e. Ce point de presse vise \u00e0 donner aux professionnels de m\u00e9dias et \u00e0 l&rsquo;ensemble des burkinab\u00e8 des informations sur les innovations relatives aux conditions d&rsquo;acc\u00e8s des m\u00e9dias priv\u00e9s \u00e0 la subvention de l&rsquo;Etat et celles sur le volet cr\u00e9dit du FAPP.\" \/>\n<meta property=\"og:url\" content=\"https:\/\/www.latribunedufaso.net\/?p=11505\" \/>\n<meta property=\"og:site_name\" content=\"La Tribune du Faso\" \/>\n<meta property=\"article:publisher\" content=\"https:\/\/www.facebook.com\/LatribuneduFaso\/\" \/>\n<meta property=\"article:published_time\" content=\"2024-02-05T15:16:08+00:00\" \/>\n<meta property=\"og:image\" content=\"https:\/\/www.latribunedufaso.net\/wp-content\/uploads\/2024\/02\/IMG_20240205_101509_338-scaled.jpg\" \/>\n\t<meta property=\"og:image:width\" content=\"2560\" \/>\n\t<meta property=\"og:image:height\" content=\"1920\" \/>\n\t<meta property=\"og:image:type\" content=\"image\/jpeg\" \/>\n<meta name=\"author\" content=\"Issouf Tapsoba\" \/>\n<meta name=\"twitter:label1\" content=\"\u00c9crit par\" \/>\n\t<meta name=\"twitter:data1\" content=\"Issouf Tapsoba\" \/>\n\t<meta name=\"twitter:label2\" content=\"Dur\u00e9e de lecture estim\u00e9e\" \/>\n\t<meta name=\"twitter:data2\" content=\"3 minutes\" \/>\n<script type=\"application\/ld+json\" class=\"yoast-schema-graph\">{\"@context\":\"https:\\\/\\\/schema.org\",\"@graph\":[{\"@type\":\"Article\",\"@id\":\"https:\\\/\\\/www.latribunedufaso.net\\\/?p=11505#article\",\"isPartOf\":{\"@id\":\"https:\\\/\\\/www.latribunedufaso.net\\\/?p=11505\"},\"author\":{\"name\":\"Issouf Tapsoba\",\"@id\":\"https:\\\/\\\/www.latribunedufaso.net\\\/#\\\/schema\\\/person\\\/e54e64c5778a7e72cf80a318b7a622b0\"},\"headline\":\"Fonds d&rsquo;appui \u00e0 la presse priv\u00e9e : Innovations dans les conditions de subvention et de cr\u00e9dit\",\"datePublished\":\"2024-02-05T15:16:08+00:00\",\"mainEntityOfPage\":{\"@id\":\"https:\\\/\\\/www.latribunedufaso.net\\\/?p=11505\"},\"wordCount\":537,\"commentCount\":0,\"publisher\":{\"@id\":\"https:\\\/\\\/www.latribunedufaso.net\\\/#organization\"},\"image\":{\"@id\":\"https:\\\/\\\/www.latribunedufaso.net\\\/?p=11505#primaryimage\"},\"thumbnailUrl\":\"https:\\\/\\\/www.latribunedufaso.net\\\/wp-content\\\/uploads\\\/2024\\\/02\\\/IMG_20240205_101509_338-scaled.jpg\",\"articleSection\":[\"A la une\",\"Actualit\u00e9\",\"Soci\u00e9t\u00e9\"],\"inLanguage\":\"fr-FR\",\"potentialAction\":[{\"@type\":\"CommentAction\",\"name\":\"Comment\",\"target\":[\"https:\\\/\\\/www.latribunedufaso.net\\\/?p=11505#respond\"]}]},{\"@type\":\"WebPage\",\"@id\":\"https:\\\/\\\/www.latribunedufaso.net\\\/?p=11505\",\"url\":\"https:\\\/\\\/www.latribunedufaso.net\\\/?p=11505\",\"name\":\"Fonds d'appui \u00e0 la presse priv\u00e9e : Innovations dans les conditions de subvention et de cr\u00e9dit - La Tribune du Faso\",\"isPartOf\":{\"@id\":\"https:\\\/\\\/www.latribunedufaso.net\\\/#website\"},\"primaryImageOfPage\":{\"@id\":\"https:\\\/\\\/www.latribunedufaso.net\\\/?p=11505#primaryimage\"},\"image\":{\"@id\":\"https:\\\/\\\/www.latribunedufaso.net\\\/?p=11505#primaryimage\"},\"thumbnailUrl\":\"https:\\\/\\\/www.latribunedufaso.net\\\/wp-content\\\/uploads\\\/2024\\\/02\\\/IMG_20240205_101509_338-scaled.jpg\",\"datePublished\":\"2024-02-05T15:16:08+00:00\",\"breadcrumb\":{\"@id\":\"https:\\\/\\\/www.latribunedufaso.net\\\/?p=11505#breadcrumb\"},\"inLanguage\":\"fr-FR\",\"potentialAction\":[{\"@type\":\"ReadAction\",\"target\":[\"https:\\\/\\\/www.latribunedufaso.net\\\/?p=11505\"]}]},{\"@type\":\"ImageObject\",\"inLanguage\":\"fr-FR\",\"@id\":\"https:\\\/\\\/www.latribunedufaso.net\\\/?p=11505#primaryimage\",\"url\":\"https:\\\/\\\/www.latribunedufaso.net\\\/wp-content\\\/uploads\\\/2024\\\/02\\\/IMG_20240205_101509_338-scaled.jpg\",\"contentUrl\":\"https:\\\/\\\/www.latribunedufaso.net\\\/wp-content\\\/uploads\\\/2024\\\/02\\\/IMG_20240205_101509_338-scaled.jpg\",\"width\":2560,\"height\":1920},{\"@type\":\"BreadcrumbList\",\"@id\":\"https:\\\/\\\/www.latribunedufaso.net\\\/?p=11505#breadcrumb\",\"itemListElement\":[{\"@type\":\"ListItem\",\"position\":1,\"name\":\"Accueil\",\"item\":\"https:\\\/\\\/www.latribunedufaso.net\\\/\"},{\"@type\":\"ListItem\",\"position\":2,\"name\":\"Fonds d&rsquo;appui \u00e0 la presse priv\u00e9e : Innovations dans les conditions de subvention et de cr\u00e9dit\"}]},{\"@type\":\"WebSite\",\"@id\":\"https:\\\/\\\/www.latribunedufaso.net\\\/#website\",\"url\":\"https:\\\/\\\/www.latribunedufaso.net\\\/\",\"name\":\"La Tribune du Faso\",\"description\":\"L&#039;information du monde rural en un clic\",\"publisher\":{\"@id\":\"https:\\\/\\\/www.latribunedufaso.net\\\/#organization\"},\"potentialAction\":[{\"@type\":\"SearchAction\",\"target\":{\"@type\":\"EntryPoint\",\"urlTemplate\":\"https:\\\/\\\/www.latribunedufaso.net\\\/?s={search_term_string}\"},\"query-input\":{\"@type\":\"PropertyValueSpecification\",\"valueRequired\":true,\"valueName\":\"search_term_string\"}}],\"inLanguage\":\"fr-FR\"},{\"@type\":\"Organization\",\"@id\":\"https:\\\/\\\/www.latribunedufaso.net\\\/#organization\",\"name\":\"La Tribune du Faso\",\"url\":\"https:\\\/\\\/www.latribunedufaso.net\\\/\",\"logo\":{\"@type\":\"ImageObject\",\"inLanguage\":\"fr-FR\",\"@id\":\"https:\\\/\\\/www.latribunedufaso.net\\\/#\\\/schema\\\/logo\\\/image\\\/\",\"url\":\"https:\\\/\\\/www.latribunedufaso.net\\\/wp-content\\\/uploads\\\/2020\\\/08\\\/Logo-Tribune-du-Faso-final-scaled.jpg\",\"contentUrl\":\"https:\\\/\\\/www.latribunedufaso.net\\\/wp-content\\\/uploads\\\/2020\\\/08\\\/Logo-Tribune-du-Faso-final-scaled.jpg\",\"width\":2560,\"height\":1856,\"caption\":\"La Tribune du Faso\"},\"image\":{\"@id\":\"https:\\\/\\\/www.latribunedufaso.net\\\/#\\\/schema\\\/logo\\\/image\\\/\"},\"sameAs\":[\"https:\\\/\\\/www.facebook.com\\\/LatribuneduFaso\\\/\"]},{\"@type\":\"Person\",\"@id\":\"https:\\\/\\\/www.latribunedufaso.net\\\/#\\\/schema\\\/person\\\/e54e64c5778a7e72cf80a318b7a622b0\",\"name\":\"Issouf Tapsoba\",\"image\":{\"@type\":\"ImageObject\",\"inLanguage\":\"fr-FR\",\"@id\":\"https:\\\/\\\/secure.gravatar.com\\\/avatar\\\/5e6c05150ce3230247d167f5b94d678eb05936197436d69b7921e3a95c9107ac?s=96&d=mm&r=g\",\"url\":\"https:\\\/\\\/secure.gravatar.com\\\/avatar\\\/5e6c05150ce3230247d167f5b94d678eb05936197436d69b7921e3a95c9107ac?s=96&d=mm&r=g\",\"contentUrl\":\"https:\\\/\\\/secure.gravatar.com\\\/avatar\\\/5e6c05150ce3230247d167f5b94d678eb05936197436d69b7921e3a95c9107ac?s=96&d=mm&r=g\",\"caption\":\"Issouf Tapsoba\"},\"url\":\"https:\\\/\\\/www.latribunedufaso.net\\\/?author=5\"}]}<\/script>\n<!-- \/ Yoast SEO plugin. -->","yoast_head_json":{"title":"Fonds d'appui \u00e0 la presse priv\u00e9e : Innovations dans les conditions de subvention et de cr\u00e9dit - La Tribune du Faso","robots":{"index":"index","follow":"follow","max-snippet":"max-snippet:-1","max-image-preview":"max-image-preview:large","max-video-preview":"max-video-preview:-1"},"canonical":"https:\/\/www.latribunedufaso.net\/?p=11505","og_locale":"fr_FR","og_type":"article","og_title":"Fonds d'appui \u00e0 la presse priv\u00e9e : Innovations dans les conditions de subvention et de cr\u00e9dit - La Tribune du Faso","og_description":"Le lundi 05 f\u00e9vrier 2024 \u00e0 Ouagadougou, le Fonds d&rsquo;appui \u00e0 la presse priv\u00e9e (FAPP) a anim\u00e9 une conf\u00e9rence de presse sur le nouvel arr\u00eat\u00e9 conjoint portant subvention de l&rsquo;Etat \u00e0 la presse priv\u00e9e. Ce point de presse vise \u00e0 donner aux professionnels de m\u00e9dias et \u00e0 l&rsquo;ensemble des burkinab\u00e8 des informations sur les innovations relatives aux conditions d&rsquo;acc\u00e8s des m\u00e9dias priv\u00e9s \u00e0 la subvention de l&rsquo;Etat et celles sur le volet cr\u00e9dit du FAPP.","og_url":"https:\/\/www.latribunedufaso.net\/?p=11505","og_site_name":"La Tribune du Faso","article_publisher":"https:\/\/www.facebook.com\/LatribuneduFaso\/","article_published_time":"2024-02-05T15:16:08+00:00","og_image":[{"width":2560,"height":1920,"url":"https:\/\/www.latribunedufaso.net\/wp-content\/uploads\/2024\/02\/IMG_20240205_101509_338-scaled.jpg","type":"image\/jpeg"}],"author":"Issouf Tapsoba","twitter_misc":{"\u00c9crit par":"Issouf Tapsoba","Dur\u00e9e de lecture estim\u00e9e":"3 minutes"},"schema":{"@context":"https:\/\/schema.org","@graph":[{"@type":"Article","@id":"https:\/\/www.latribunedufaso.net\/?p=11505#article","isPartOf":{"@id":"https:\/\/www.latribunedufaso.net\/?p=11505"},"author":{"name":"Issouf Tapsoba","@id":"https:\/\/www.latribunedufaso.net\/#\/schema\/person\/e54e64c5778a7e72cf80a318b7a622b0"},"headline":"Fonds d&rsquo;appui \u00e0 la presse priv\u00e9e : Innovations dans les conditions de subvention et de cr\u00e9dit","datePublished":"2024-02-05T15:16:08+00:00","mainEntityOfPage":{"@id":"https:\/\/www.latribunedufaso.net\/?p=11505"},"wordCount":537,"commentCount":0,"publisher":{"@id":"https:\/\/www.latribunedufaso.net\/#organization"},"image":{"@id":"https:\/\/www.latribunedufaso.net\/?p=11505#primaryimage"},"thumbnailUrl":"https:\/\/www.latribunedufaso.net\/wp-content\/uploads\/2024\/02\/IMG_20240205_101509_338-scaled.jpg","articleSection":["A la une","Actualit\u00e9","Soci\u00e9t\u00e9"],"inLanguage":"fr-FR","potentialAction":[{"@type":"CommentAction","name":"Comment","target":["https:\/\/www.latribunedufaso.net\/?p=11505#respond"]}]},{"@type":"WebPage","@id":"https:\/\/www.latribunedufaso.net\/?p=11505","url":"https:\/\/www.latribunedufaso.net\/?p=11505","name":"Fonds d'appui \u00e0 la presse priv\u00e9e : Innovations dans les conditions de subvention et de cr\u00e9dit - La Tribune du Faso","isPartOf":{"@id":"https:\/\/www.latribunedufaso.net\/#website"},"primaryImageOfPage":{"@id":"https:\/\/www.latribunedufaso.net\/?p=11505#primaryimage"},"image":{"@id":"https:\/\/www.latribunedufaso.net\/?p=11505#primaryimage"},"thumbnailUrl":"https:\/\/www.latribunedufaso.net\/wp-content\/uploads\/2024\/02\/IMG_20240205_101509_338-scaled.jpg","datePublished":"2024-02-05T15:16:08+00:00","breadcrumb":{"@id":"https:\/\/www.latribunedufaso.net\/?p=11505#breadcrumb"},"inLanguage":"fr-FR","potentialAction":[{"@type":"ReadAction","target":["https:\/\/www.latribunedufaso.net\/?p=11505"]}]},{"@type":"ImageObject","inLanguage":"fr-FR","@id":"https:\/\/www.latribunedufaso.net\/?p=11505#primaryimage","url":"https:\/\/www.latribunedufaso.net\/wp-content\/uploads\/2024\/02\/IMG_20240205_101509_338-scaled.jpg","contentUrl":"https:\/\/www.latribunedufaso.net\/wp-content\/uploads\/2024\/02\/IMG_20240205_101509_338-scaled.jpg","width":2560,"height":1920},{"@type":"BreadcrumbList","@id":"https:\/\/www.latribunedufaso.net\/?p=11505#breadcrumb","itemListElement":[{"@type":"ListItem","position":1,"name":"Accueil","item":"https:\/\/www.latribunedufaso.net\/"},{"@type":"ListItem","position":2,"name":"Fonds d&rsquo;appui \u00e0 la presse priv\u00e9e : Innovations dans les conditions de subvention et de cr\u00e9dit"}]},{"@type":"WebSite","@id":"https:\/\/www.latribunedufaso.net\/#website","url":"https:\/\/www.latribunedufaso.net\/","name":"La Tribune du Faso","description":"L&#039;information du monde rural en un clic","publisher":{"@id":"https:\/\/www.latribunedufaso.net\/#organization"},"potentialAction":[{"@type":"SearchAction","target":{"@type":"EntryPoint","urlTemplate":"https:\/\/www.latribunedufaso.net\/?s={search_term_string}"},"query-input":{"@type":"PropertyValueSpecification","valueRequired":true,"valueName":"search_term_string"}}],"inLanguage":"fr-FR"},{"@type":"Organization","@id":"https:\/\/www.latribunedufaso.net\/#organization","name":"La Tribune du Faso","url":"https:\/\/www.latribunedufaso.net\/","logo":{"@type":"ImageObject","inLanguage":"fr-FR","@id":"https:\/\/www.latribunedufaso.net\/#\/schema\/logo\/image\/","url":"https:\/\/www.latribunedufaso.net\/wp-content\/uploads\/2020\/08\/Logo-Tribune-du-Faso-final-scaled.jpg","contentUrl":"https:\/\/www.latribunedufaso.net\/wp-content\/uploads\/2020\/08\/Logo-Tribune-du-Faso-final-scaled.jpg","width":2560,"height":1856,"caption":"La Tribune du Faso"},"image":{"@id":"https:\/\/www.latribunedufaso.net\/#\/schema\/logo\/image\/"},"sameAs":["https:\/\/www.facebook.com\/LatribuneduFaso\/"]},{"@type":"Person","@id":"https:\/\/www.latribunedufaso.net\/#\/schema\/person\/e54e64c5778a7e72cf80a318b7a622b0","name":"Issouf Tapsoba","image":{"@type":"ImageObject","inLanguage":"fr-FR","@id":"https:\/\/secure.gravatar.com\/avatar\/5e6c05150ce3230247d167f5b94d678eb05936197436d69b7921e3a95c9107ac?s=96&d=mm&r=g","url":"https:\/\/secure.gravatar.com\/avatar\/5e6c05150ce3230247d167f5b94d678eb05936197436d69b7921e3a95c9107ac?s=96&d=mm&r=g","contentUrl":"https:\/\/secure.gravatar.com\/avatar\/5e6c05150ce3230247d167f5b94d678eb05936197436d69b7921e3a95c9107ac?s=96&d=mm&r=g","caption":"Issouf Tapsoba"},"url":"https:\/\/www.latribunedufaso.net\/?author=5"}]}},"_links":{"self":[{"href":"https:\/\/www.latribunedufaso.net\/index.php?rest_route=\/wp\/v2\/posts\/11505","targetHints":{"allow":["GET"]}}],"collection":[{"href":"https:\/\/www.latribunedufaso.net\/index.php?rest_route=\/wp\/v2\/posts"}],"about":[{"href":"https:\/\/www.latribunedufaso.net\/index.php?rest_route=\/wp\/v2\/types\/post"}],"author":[{"embeddable":true,"href":"https:\/\/www.latribunedufaso.net\/index.php?rest_route=\/wp\/v2\/users\/5"}],"replies":[{"embeddable":true,"href":"https:\/\/www.latribunedufaso.net\/index.php?rest_route=%2Fwp%2Fv2%2Fcomments&post=11505"}],"version-history":[{"count":1,"href":"https:\/\/www.latribunedufaso.net\/index.php?rest_route=\/wp\/v2\/posts\/11505\/revisions"}],"predecessor-version":[{"id":11508,"href":"https:\/\/www.latribunedufaso.net\/index.php?rest_route=\/wp\/v2\/posts\/11505\/revisions\/11508"}],"wp:featuredmedia":[{"embeddable":true,"href":"https:\/\/www.latribunedufaso.net\/index.php?rest_route=\/wp\/v2\/media\/11506"}],"wp:attachment":[{"href":"https:\/\/www.latribunedufaso.net\/index.php?rest_route=%2Fwp%2Fv2%2Fmedia&parent=11505"}],"wp:term":[{"taxonomy":"category","embeddable":true,"href":"https:\/\/www.latribunedufaso.net\/index.php?rest_route=%2Fwp%2Fv2%2Fcategories&post=11505"},{"taxonomy":"post_tag","embeddable":true,"href":"https:\/\/www.latribunedufaso.net\/index.php?rest_route=%2Fwp%2Fv2%2Ftags&post=11505"}],"curies":[{"name":"wp","href":"https:\/\/api.w.org\/{rel}","templated":true}]}}