{"id":1119,"date":"2020-08-28T13:14:55","date_gmt":"2020-08-28T13:14:55","guid":{"rendered":"https:\/\/www.latribunedufaso.net\/?p=1119"},"modified":"2020-09-07T14:05:10","modified_gmt":"2020-09-07T14:05:10","slug":"la-sinusite-un-mal-qui-met-mal-a-laise","status":"publish","type":"post","link":"https:\/\/www.latribunedufaso.net\/?p=1119","title":{"rendered":"La sinusite\u00a0: Un mal qui met mal \u00e0 l\u2019aise"},"content":{"rendered":"<p><strong>Aujourd\u2019hui dans notre rubrique sant\u00e9, nous partons \u00e0 la d\u00e9couverte d\u2019une maladie n\u00e9glig\u00e9e par la soci\u00e9t\u00e9 mais qui touche plusieurs personnes. Il s\u2019agit de la sinusite. Qu\u2019est-ce que la sinusite\u00a0; comment contracte t\u2019on la maladie (cause), quels en sont \u00a0les sympt\u00f4mes et quel traitement possible pour ce mal\u00a0qui touche aux voies respiratoires ?<\/strong><!--more--><\/p>\n<p><a href=\"https:\/\/latribunedufaso.net\/wp-content\/uploads\/2020\/08\/3254527278_1_3_goEW9hD2.jpg\"><img loading=\"lazy\" decoding=\"async\" class=\" wp-image-1120 aligncenter\" src=\"https:\/\/latribunedufaso.net\/wp-content\/uploads\/2020\/08\/3254527278_1_3_goEW9hD2-300x219.jpg\" alt=\"\" width=\"480\" height=\"350\" srcset=\"https:\/\/www.latribunedufaso.net\/wp-content\/uploads\/2020\/08\/3254527278_1_3_goEW9hD2-300x219.jpg 300w, https:\/\/www.latribunedufaso.net\/wp-content\/uploads\/2020\/08\/3254527278_1_3_goEW9hD2-90x65.jpg 90w, https:\/\/www.latribunedufaso.net\/wp-content\/uploads\/2020\/08\/3254527278_1_3_goEW9hD2.jpg 420w\" sizes=\"auto, (max-width: 480px) 100vw, 480px\" \/><\/a>La sinusite est une inflammation des muqueuses qui recouvrent l\u2019int\u00e9rieur des sinus. Les sinus \u00e9tant des cavit\u00e9s osseuses situ\u00e9es dans les os du visage(les cavit\u00e9s sont reparties en quatre paires).Chaque sinus communique avec les fosses nasales gr\u00e2ce \u00e0 de petites ouvertures \u00e0 travers lesquelles s\u2019\u00e9coulent normalement le mucus produit dans le sinus. La sinusite est donc une infection caus\u00e9e par un virus ou une bact\u00e9rie qui se propage dans le sinus. Cette propagation d\u2019un agent infectieux irrite et enfle la muqueuse des sinus qui se trouve alors obstru\u00e9e.<\/p>\n<p>Le mucus n\u2019est alors plus drain\u00e9 normalement et les microbes se multiplient librement dans ce milieu ferm\u00e9, ce qui rend la communication entre les sinus et les fausses nasales impossible\u00a0 et augmente la pression des sinus. C\u2019est une maladie qui touche aussi bien les enfants que les adultes. Sa pr\u00e9valence est difficile \u00e0 \u00e9valuer mais selon un constat des m\u00e9decins en ORL 20 \u00e0 25% de leurs patients ont des sympt\u00f4mes se rapprochant de la sinusite. Il existe deux types de sinusite. Les sinusites aigu\u00ebs et les sinusites chroniques.<\/p>\n<p style=\"text-align: center;\"><strong>Les causes de la sinusite<\/strong><\/p>\n<p>Nous avons plusieurs causes. Les sinusites aigus sont de courtes dur\u00e9es (4 semaines maximum et pas plus de 3 fois par an) et peuvent \u00eatre li\u00e9s \u00e0 un rhume, une allergie ou m\u00eame au polluants de l\u2019environnement. G\u00e9n\u00e9ralement elles sont d\u2019origine virale. Quant aux sinusites chroniques, elles peuvent durer plus de 12 semaines, correspondant souvent \u00e0 une sinusite aigu\u00eb \u00a0non trait\u00e9e ou li\u00e9e \u00e0 des allergies\u00a0.Mais de fa\u00e7on g\u00e9n\u00e9rale les causes de la sinusite sont nombreuses. On peut citer entre autre, une d\u00e9viation du septum ou hypertrophie des cornets du nez, l\u2019exposition du sujet \u00e0 la consommation du\u00a0 tabac, a l\u2019humidit\u00e9. La pollution de l\u2019air peut \u00e9galement causer la sinusite, les infections bact\u00e9riennes, virales ou fongiques ou m\u00eame une allergie. En outre, l\u2019affaiblissement du syst\u00e8me immunitaire\u00a0li\u00e9 par exemple a des maladies chroniques comme la mucoviscidose, ou m\u00eame une tumeur dans le nez et dans les sinus (elles peuvent obstruer les voies d\u2019\u00e9vacuation vitales) peuvent causer la sinusite.<\/p>\n<p style=\"text-align: center;\"><strong>Les Sympt\u00f4mes<\/strong><\/p>\n<p>La sinusite aussi bien aigu\u00eb que chronique peut se manifester par une douleur faciale.\u00a0En effet le sujet peut avoir des sensations douloureuses de pression au-dessus des sourcils, au nez, aux joues, autour et derri\u00e8re les yeux\u00a0; il peut en outre sentir une congestion nasale (nez bouch\u00e9) ou une s\u00e9cr\u00e9tion nasale jaun\u00e2tre ou verd\u00e2tre, \u00e9paisse ou purulente pour les infections bact\u00e9riennes et une s\u00e9cr\u00e9tion nasale claire pour les infections virales\u00a0; Il peut \u00e9galement avoir une fi\u00e8vre l\u00e9g\u00e8re et des malaises souvent, une diminution ou une perte de l\u2019odorat. Cependant il convient de noter que dans de rares cas la sinusite peut se manifester par une mauvaise haleine, des maux de t\u00eate, des douleurs aux dents et une toux grasse.<\/p>\n<p><a href=\"https:\/\/latribunedufaso.net\/wp-content\/uploads\/2020\/08\/rhinoplastie-2.png\"><img loading=\"lazy\" decoding=\"async\" class=\" wp-image-1121 aligncenter\" src=\"https:\/\/latribunedufaso.net\/wp-content\/uploads\/2020\/08\/rhinoplastie-2-300x267.png\" alt=\"\" width=\"480\" height=\"427\" srcset=\"https:\/\/www.latribunedufaso.net\/wp-content\/uploads\/2020\/08\/rhinoplastie-2-300x267.png 300w, https:\/\/www.latribunedufaso.net\/wp-content\/uploads\/2020\/08\/rhinoplastie-2.png 340w\" sizes=\"auto, (max-width: 480px) 100vw, 480px\" \/><\/a><\/p>\n<p style=\"text-align: center;\"><strong>Peut-on en gu\u00e9rir ?<\/strong><\/p>\n<p>En g\u00e9n\u00e9ral, la sinusite se soigne sans traitement sp\u00e9cifique en moins d\u2019un mois. Toutefois le m\u00e9decin peut souvent prescrire des produits aux patients (l\u2019analg\u00e9sique, les antihistaminiques, les d\u00e9congestionnants, les corticost\u00e9ro\u00efdes ou des antibiotiques dans le cas d\u2019une infection bact\u00e9rienne). Si au bout d\u2019un mois la sinusite persiste, le m\u00e9decin peut demander des examens suppl\u00e9mentaires et envisager au besoin un traitement chirurgical. Il existe trois sortes d\u2019op\u00e9ration des sinus\u00a0:<\/p>\n<ul>\n<li><strong>l\u2019ethmoidectomie <\/strong>qui d\u00e9gage les sinus \u00e9thmo\u00efdaux en retirant les os et les tissus infect\u00e9s qui emp\u00eache le drainage naturel\u00a0;<\/li>\n<li><strong>la m\u00e9atomie moyenne ou<\/strong> <strong>maxillaire <\/strong>qui d\u00e9gage les sinus maxillaires. Il s\u2019agit de la chirurgie la plus fr\u00e9quemment utilis\u00e9e\u00a0;<\/li>\n<li><strong>la septoplastie \u00e9lectrochirurgicale associ\u00e9e \u00e0 une turbinoplastie,<\/strong> permet de traiter les d\u00e9viations des cloisons nasales appel\u00e9 septum. La turbinoplastie est la r\u00e9duction des cornets car il peut arriver que le cornet d\u2019une narine soit plus volumineux que l\u2019autre ce qui obstrue le passage de l\u2019air et infecte les sinus.<\/li>\n<\/ul>\n<p>Il est tout \u00e0 fait bon de savoir que la sinusite peut avoir des complications en se manifestant par une m\u00e9ningite, des abc\u00e8s au cerveau (changement dans l\u2019\u00e9tat de conscience), une thrombophl\u00e9bite des veines des yeux (vision anormale, enflure autour des yeux), une ost\u00e9omy\u00e9lite des os frontaux.<\/p>\n<p><strong>Alice Kouaman\/Zonou<\/strong><\/p>\n<p><strong>Latribunedufaso.net<\/strong><\/p>\n","protected":false},"excerpt":{"rendered":"<p>Aujourd\u2019hui dans notre rubrique sant\u00e9, nous partons \u00e0 la d\u00e9couverte d\u2019une maladie n\u00e9glig\u00e9e par la soci\u00e9t\u00e9 mais qui touche plusieurs personnes. Il s\u2019agit de la sinusite. Qu\u2019est-ce que la sinusite\u00a0; comment contracte t\u2019on la maladie (cause), quels en sont \u00a0les sympt\u00f4mes et quel traitement possible pour ce mal\u00a0qui touche aux voies respiratoires ?<\/p>\n","protected":false},"author":2,"featured_media":1122,"comment_status":"open","ping_status":"open","sticky":false,"template":"","format":"standard","meta":{"footnotes":""},"categories":[1,7],"tags":[],"class_list":["post-1119","post","type-post","status-publish","format-standard","has-post-thumbnail","hentry","category-actu","category-sante"],"yoast_head":"<!-- This site is optimized with the Yoast SEO plugin v27.5 - https:\/\/yoast.com\/product\/yoast-seo-wordpress\/ -->\n<title>La sinusite\u00a0: Un mal qui met mal \u00e0 l\u2019aise - La Tribune du Faso<\/title>\n<meta name=\"robots\" content=\"index, follow, max-snippet:-1, max-image-preview:large, max-video-preview:-1\" \/>\n<link rel=\"canonical\" href=\"https:\/\/www.latribunedufaso.net\/?p=1119\" \/>\n<meta property=\"og:locale\" content=\"fr_FR\" \/>\n<meta property=\"og:type\" content=\"article\" \/>\n<meta property=\"og:title\" content=\"La sinusite\u00a0: Un mal qui met mal \u00e0 l\u2019aise - La Tribune du Faso\" \/>\n<meta property=\"og:description\" content=\"Aujourd\u2019hui dans notre rubrique sant\u00e9, nous partons \u00e0 la d\u00e9couverte d\u2019une maladie n\u00e9glig\u00e9e par la soci\u00e9t\u00e9 mais qui touche plusieurs personnes. Il s\u2019agit de la sinusite. Qu\u2019est-ce que la sinusite\u00a0; comment contracte t\u2019on la maladie (cause), quels en sont \u00a0les sympt\u00f4mes et quel traitement possible pour ce mal\u00a0qui touche aux voies respiratoires ?\" \/>\n<meta property=\"og:url\" content=\"https:\/\/www.latribunedufaso.net\/?p=1119\" \/>\n<meta property=\"og:site_name\" content=\"La Tribune du Faso\" \/>\n<meta property=\"article:publisher\" content=\"https:\/\/www.facebook.com\/LatribuneduFaso\/\" \/>\n<meta property=\"article:published_time\" content=\"2020-08-28T13:14:55+00:00\" \/>\n<meta property=\"article:modified_time\" content=\"2020-09-07T14:05:10+00:00\" \/>\n<meta property=\"og:image\" content=\"https:\/\/latribunedufaso.net\/wp-content\/uploads\/2020\/08\/sinusite-rhume-fosses-nasales-nez-toux-mouchoir-confidence.jpg\" \/>\n\t<meta property=\"og:image:width\" content=\"670\" \/>\n\t<meta property=\"og:image:height\" content=\"447\" \/>\n\t<meta property=\"og:image:type\" content=\"image\/jpeg\" \/>\n<meta name=\"author\" content=\"Administrateur\" \/>\n<meta name=\"twitter:label1\" content=\"\u00c9crit par\" \/>\n\t<meta name=\"twitter:data1\" content=\"Administrateur\" \/>\n\t<meta name=\"twitter:label2\" content=\"Dur\u00e9e de lecture estim\u00e9e\" \/>\n\t<meta name=\"twitter:data2\" content=\"4 minutes\" \/>\n<script type=\"application\/ld+json\" class=\"yoast-schema-graph\">{\"@context\":\"https:\\\/\\\/schema.org\",\"@graph\":[{\"@type\":\"Article\",\"@id\":\"https:\\\/\\\/www.latribunedufaso.net\\\/?p=1119#article\",\"isPartOf\":{\"@id\":\"https:\\\/\\\/www.latribunedufaso.net\\\/?p=1119\"},\"author\":{\"name\":\"Administrateur\",\"@id\":\"https:\\\/\\\/www.latribunedufaso.net\\\/#\\\/schema\\\/person\\\/a380782d0605bb8aae27c40ea93b35b1\"},\"headline\":\"La sinusite\u00a0: Un mal qui met mal \u00e0 l\u2019aise\",\"datePublished\":\"2020-08-28T13:14:55+00:00\",\"dateModified\":\"2020-09-07T14:05:10+00:00\",\"mainEntityOfPage\":{\"@id\":\"https:\\\/\\\/www.latribunedufaso.net\\\/?p=1119\"},\"wordCount\":823,\"commentCount\":0,\"publisher\":{\"@id\":\"https:\\\/\\\/www.latribunedufaso.net\\\/#organization\"},\"image\":{\"@id\":\"https:\\\/\\\/www.latribunedufaso.net\\\/?p=1119#primaryimage\"},\"thumbnailUrl\":\"https:\\\/\\\/www.latribunedufaso.net\\\/wp-content\\\/uploads\\\/2020\\\/08\\\/sinusite-rhume-fosses-nasales-nez-toux-mouchoir-confidence.jpg\",\"articleSection\":[\"Actualit\u00e9\",\"Sant\u00e9\"],\"inLanguage\":\"fr-FR\",\"potentialAction\":[{\"@type\":\"CommentAction\",\"name\":\"Comment\",\"target\":[\"https:\\\/\\\/www.latribunedufaso.net\\\/?p=1119#respond\"]}]},{\"@type\":\"WebPage\",\"@id\":\"https:\\\/\\\/www.latribunedufaso.net\\\/?p=1119\",\"url\":\"https:\\\/\\\/www.latribunedufaso.net\\\/?p=1119\",\"name\":\"La sinusite\u00a0: Un mal qui met mal \u00e0 l\u2019aise - La Tribune du Faso\",\"isPartOf\":{\"@id\":\"https:\\\/\\\/www.latribunedufaso.net\\\/#website\"},\"primaryImageOfPage\":{\"@id\":\"https:\\\/\\\/www.latribunedufaso.net\\\/?p=1119#primaryimage\"},\"image\":{\"@id\":\"https:\\\/\\\/www.latribunedufaso.net\\\/?p=1119#primaryimage\"},\"thumbnailUrl\":\"https:\\\/\\\/www.latribunedufaso.net\\\/wp-content\\\/uploads\\\/2020\\\/08\\\/sinusite-rhume-fosses-nasales-nez-toux-mouchoir-confidence.jpg\",\"datePublished\":\"2020-08-28T13:14:55+00:00\",\"dateModified\":\"2020-09-07T14:05:10+00:00\",\"breadcrumb\":{\"@id\":\"https:\\\/\\\/www.latribunedufaso.net\\\/?p=1119#breadcrumb\"},\"inLanguage\":\"fr-FR\",\"potentialAction\":[{\"@type\":\"ReadAction\",\"target\":[\"https:\\\/\\\/www.latribunedufaso.net\\\/?p=1119\"]}]},{\"@type\":\"ImageObject\",\"inLanguage\":\"fr-FR\",\"@id\":\"https:\\\/\\\/www.latribunedufaso.net\\\/?p=1119#primaryimage\",\"url\":\"https:\\\/\\\/www.latribunedufaso.net\\\/wp-content\\\/uploads\\\/2020\\\/08\\\/sinusite-rhume-fosses-nasales-nez-toux-mouchoir-confidence.jpg\",\"contentUrl\":\"https:\\\/\\\/www.latribunedufaso.net\\\/wp-content\\\/uploads\\\/2020\\\/08\\\/sinusite-rhume-fosses-nasales-nez-toux-mouchoir-confidence.jpg\",\"width\":670,\"height\":447},{\"@type\":\"BreadcrumbList\",\"@id\":\"https:\\\/\\\/www.latribunedufaso.net\\\/?p=1119#breadcrumb\",\"itemListElement\":[{\"@type\":\"ListItem\",\"position\":1,\"name\":\"Accueil\",\"item\":\"https:\\\/\\\/www.latribunedufaso.net\\\/\"},{\"@type\":\"ListItem\",\"position\":2,\"name\":\"La sinusite\u00a0: Un mal qui met mal \u00e0 l\u2019aise\"}]},{\"@type\":\"WebSite\",\"@id\":\"https:\\\/\\\/www.latribunedufaso.net\\\/#website\",\"url\":\"https:\\\/\\\/www.latribunedufaso.net\\\/\",\"name\":\"La Tribune du Faso\",\"description\":\"L&#039;information du monde rural en un clic\",\"publisher\":{\"@id\":\"https:\\\/\\\/www.latribunedufaso.net\\\/#organization\"},\"potentialAction\":[{\"@type\":\"SearchAction\",\"target\":{\"@type\":\"EntryPoint\",\"urlTemplate\":\"https:\\\/\\\/www.latribunedufaso.net\\\/?s={search_term_string}\"},\"query-input\":{\"@type\":\"PropertyValueSpecification\",\"valueRequired\":true,\"valueName\":\"search_term_string\"}}],\"inLanguage\":\"fr-FR\"},{\"@type\":\"Organization\",\"@id\":\"https:\\\/\\\/www.latribunedufaso.net\\\/#organization\",\"name\":\"La Tribune du Faso\",\"url\":\"https:\\\/\\\/www.latribunedufaso.net\\\/\",\"logo\":{\"@type\":\"ImageObject\",\"inLanguage\":\"fr-FR\",\"@id\":\"https:\\\/\\\/www.latribunedufaso.net\\\/#\\\/schema\\\/logo\\\/image\\\/\",\"url\":\"https:\\\/\\\/www.latribunedufaso.net\\\/wp-content\\\/uploads\\\/2020\\\/08\\\/Logo-Tribune-du-Faso-final-scaled.jpg\",\"contentUrl\":\"https:\\\/\\\/www.latribunedufaso.net\\\/wp-content\\\/uploads\\\/2020\\\/08\\\/Logo-Tribune-du-Faso-final-scaled.jpg\",\"width\":2560,\"height\":1856,\"caption\":\"La Tribune du Faso\"},\"image\":{\"@id\":\"https:\\\/\\\/www.latribunedufaso.net\\\/#\\\/schema\\\/logo\\\/image\\\/\"},\"sameAs\":[\"https:\\\/\\\/www.facebook.com\\\/LatribuneduFaso\\\/\"]},{\"@type\":\"Person\",\"@id\":\"https:\\\/\\\/www.latribunedufaso.net\\\/#\\\/schema\\\/person\\\/a380782d0605bb8aae27c40ea93b35b1\",\"name\":\"Administrateur\",\"image\":{\"@type\":\"ImageObject\",\"inLanguage\":\"fr-FR\",\"@id\":\"https:\\\/\\\/secure.gravatar.com\\\/avatar\\\/e20266f97d741f0e80ba1f60283074a9b3317fd7bfb727e0d95b51dafbf854a1?s=96&d=mm&r=g\",\"url\":\"https:\\\/\\\/secure.gravatar.com\\\/avatar\\\/e20266f97d741f0e80ba1f60283074a9b3317fd7bfb727e0d95b51dafbf854a1?s=96&d=mm&r=g\",\"contentUrl\":\"https:\\\/\\\/secure.gravatar.com\\\/avatar\\\/e20266f97d741f0e80ba1f60283074a9b3317fd7bfb727e0d95b51dafbf854a1?s=96&d=mm&r=g\",\"caption\":\"Administrateur\"},\"url\":\"https:\\\/\\\/www.latribunedufaso.net\\\/?author=2\"}]}<\/script>\n<!-- \/ Yoast SEO plugin. -->","yoast_head_json":{"title":"La sinusite\u00a0: Un mal qui met mal \u00e0 l\u2019aise - La Tribune du Faso","robots":{"index":"index","follow":"follow","max-snippet":"max-snippet:-1","max-image-preview":"max-image-preview:large","max-video-preview":"max-video-preview:-1"},"canonical":"https:\/\/www.latribunedufaso.net\/?p=1119","og_locale":"fr_FR","og_type":"article","og_title":"La sinusite\u00a0: Un mal qui met mal \u00e0 l\u2019aise - La Tribune du Faso","og_description":"Aujourd\u2019hui dans notre rubrique sant\u00e9, nous partons \u00e0 la d\u00e9couverte d\u2019une maladie n\u00e9glig\u00e9e par la soci\u00e9t\u00e9 mais qui touche plusieurs personnes. Il s\u2019agit de la sinusite. Qu\u2019est-ce que la sinusite\u00a0; comment contracte t\u2019on la maladie (cause), quels en sont \u00a0les sympt\u00f4mes et quel traitement possible pour ce mal\u00a0qui touche aux voies respiratoires ?","og_url":"https:\/\/www.latribunedufaso.net\/?p=1119","og_site_name":"La Tribune du Faso","article_publisher":"https:\/\/www.facebook.com\/LatribuneduFaso\/","article_published_time":"2020-08-28T13:14:55+00:00","article_modified_time":"2020-09-07T14:05:10+00:00","og_image":[{"width":670,"height":447,"url":"https:\/\/latribunedufaso.net\/wp-content\/uploads\/2020\/08\/sinusite-rhume-fosses-nasales-nez-toux-mouchoir-confidence.jpg","type":"image\/jpeg"}],"author":"Administrateur","twitter_misc":{"\u00c9crit par":"Administrateur","Dur\u00e9e de lecture estim\u00e9e":"4 minutes"},"schema":{"@context":"https:\/\/schema.org","@graph":[{"@type":"Article","@id":"https:\/\/www.latribunedufaso.net\/?p=1119#article","isPartOf":{"@id":"https:\/\/www.latribunedufaso.net\/?p=1119"},"author":{"name":"Administrateur","@id":"https:\/\/www.latribunedufaso.net\/#\/schema\/person\/a380782d0605bb8aae27c40ea93b35b1"},"headline":"La sinusite\u00a0: Un mal qui met mal \u00e0 l\u2019aise","datePublished":"2020-08-28T13:14:55+00:00","dateModified":"2020-09-07T14:05:10+00:00","mainEntityOfPage":{"@id":"https:\/\/www.latribunedufaso.net\/?p=1119"},"wordCount":823,"commentCount":0,"publisher":{"@id":"https:\/\/www.latribunedufaso.net\/#organization"},"image":{"@id":"https:\/\/www.latribunedufaso.net\/?p=1119#primaryimage"},"thumbnailUrl":"https:\/\/www.latribunedufaso.net\/wp-content\/uploads\/2020\/08\/sinusite-rhume-fosses-nasales-nez-toux-mouchoir-confidence.jpg","articleSection":["Actualit\u00e9","Sant\u00e9"],"inLanguage":"fr-FR","potentialAction":[{"@type":"CommentAction","name":"Comment","target":["https:\/\/www.latribunedufaso.net\/?p=1119#respond"]}]},{"@type":"WebPage","@id":"https:\/\/www.latribunedufaso.net\/?p=1119","url":"https:\/\/www.latribunedufaso.net\/?p=1119","name":"La sinusite\u00a0: Un mal qui met mal \u00e0 l\u2019aise - La Tribune du Faso","isPartOf":{"@id":"https:\/\/www.latribunedufaso.net\/#website"},"primaryImageOfPage":{"@id":"https:\/\/www.latribunedufaso.net\/?p=1119#primaryimage"},"image":{"@id":"https:\/\/www.latribunedufaso.net\/?p=1119#primaryimage"},"thumbnailUrl":"https:\/\/www.latribunedufaso.net\/wp-content\/uploads\/2020\/08\/sinusite-rhume-fosses-nasales-nez-toux-mouchoir-confidence.jpg","datePublished":"2020-08-28T13:14:55+00:00","dateModified":"2020-09-07T14:05:10+00:00","breadcrumb":{"@id":"https:\/\/www.latribunedufaso.net\/?p=1119#breadcrumb"},"inLanguage":"fr-FR","potentialAction":[{"@type":"ReadAction","target":["https:\/\/www.latribunedufaso.net\/?p=1119"]}]},{"@type":"ImageObject","inLanguage":"fr-FR","@id":"https:\/\/www.latribunedufaso.net\/?p=1119#primaryimage","url":"https:\/\/www.latribunedufaso.net\/wp-content\/uploads\/2020\/08\/sinusite-rhume-fosses-nasales-nez-toux-mouchoir-confidence.jpg","contentUrl":"https:\/\/www.latribunedufaso.net\/wp-content\/uploads\/2020\/08\/sinusite-rhume-fosses-nasales-nez-toux-mouchoir-confidence.jpg","width":670,"height":447},{"@type":"BreadcrumbList","@id":"https:\/\/www.latribunedufaso.net\/?p=1119#breadcrumb","itemListElement":[{"@type":"ListItem","position":1,"name":"Accueil","item":"https:\/\/www.latribunedufaso.net\/"},{"@type":"ListItem","position":2,"name":"La sinusite\u00a0: Un mal qui met mal \u00e0 l\u2019aise"}]},{"@type":"WebSite","@id":"https:\/\/www.latribunedufaso.net\/#website","url":"https:\/\/www.latribunedufaso.net\/","name":"La Tribune du Faso","description":"L&#039;information du monde rural en un clic","publisher":{"@id":"https:\/\/www.latribunedufaso.net\/#organization"},"potentialAction":[{"@type":"SearchAction","target":{"@type":"EntryPoint","urlTemplate":"https:\/\/www.latribunedufaso.net\/?s={search_term_string}"},"query-input":{"@type":"PropertyValueSpecification","valueRequired":true,"valueName":"search_term_string"}}],"inLanguage":"fr-FR"},{"@type":"Organization","@id":"https:\/\/www.latribunedufaso.net\/#organization","name":"La Tribune du Faso","url":"https:\/\/www.latribunedufaso.net\/","logo":{"@type":"ImageObject","inLanguage":"fr-FR","@id":"https:\/\/www.latribunedufaso.net\/#\/schema\/logo\/image\/","url":"https:\/\/www.latribunedufaso.net\/wp-content\/uploads\/2020\/08\/Logo-Tribune-du-Faso-final-scaled.jpg","contentUrl":"https:\/\/www.latribunedufaso.net\/wp-content\/uploads\/2020\/08\/Logo-Tribune-du-Faso-final-scaled.jpg","width":2560,"height":1856,"caption":"La Tribune du Faso"},"image":{"@id":"https:\/\/www.latribunedufaso.net\/#\/schema\/logo\/image\/"},"sameAs":["https:\/\/www.facebook.com\/LatribuneduFaso\/"]},{"@type":"Person","@id":"https:\/\/www.latribunedufaso.net\/#\/schema\/person\/a380782d0605bb8aae27c40ea93b35b1","name":"Administrateur","image":{"@type":"ImageObject","inLanguage":"fr-FR","@id":"https:\/\/secure.gravatar.com\/avatar\/e20266f97d741f0e80ba1f60283074a9b3317fd7bfb727e0d95b51dafbf854a1?s=96&d=mm&r=g","url":"https:\/\/secure.gravatar.com\/avatar\/e20266f97d741f0e80ba1f60283074a9b3317fd7bfb727e0d95b51dafbf854a1?s=96&d=mm&r=g","contentUrl":"https:\/\/secure.gravatar.com\/avatar\/e20266f97d741f0e80ba1f60283074a9b3317fd7bfb727e0d95b51dafbf854a1?s=96&d=mm&r=g","caption":"Administrateur"},"url":"https:\/\/www.latribunedufaso.net\/?author=2"}]}},"_links":{"self":[{"href":"https:\/\/www.latribunedufaso.net\/index.php?rest_route=\/wp\/v2\/posts\/1119","targetHints":{"allow":["GET"]}}],"collection":[{"href":"https:\/\/www.latribunedufaso.net\/index.php?rest_route=\/wp\/v2\/posts"}],"about":[{"href":"https:\/\/www.latribunedufaso.net\/index.php?rest_route=\/wp\/v2\/types\/post"}],"author":[{"embeddable":true,"href":"https:\/\/www.latribunedufaso.net\/index.php?rest_route=\/wp\/v2\/users\/2"}],"replies":[{"embeddable":true,"href":"https:\/\/www.latribunedufaso.net\/index.php?rest_route=%2Fwp%2Fv2%2Fcomments&post=1119"}],"version-history":[{"count":1,"href":"https:\/\/www.latribunedufaso.net\/index.php?rest_route=\/wp\/v2\/posts\/1119\/revisions"}],"predecessor-version":[{"id":1123,"href":"https:\/\/www.latribunedufaso.net\/index.php?rest_route=\/wp\/v2\/posts\/1119\/revisions\/1123"}],"wp:featuredmedia":[{"embeddable":true,"href":"https:\/\/www.latribunedufaso.net\/index.php?rest_route=\/wp\/v2\/media\/1122"}],"wp:attachment":[{"href":"https:\/\/www.latribunedufaso.net\/index.php?rest_route=%2Fwp%2Fv2%2Fmedia&parent=1119"}],"wp:term":[{"taxonomy":"category","embeddable":true,"href":"https:\/\/www.latribunedufaso.net\/index.php?rest_route=%2Fwp%2Fv2%2Fcategories&post=1119"},{"taxonomy":"post_tag","embeddable":true,"href":"https:\/\/www.latribunedufaso.net\/index.php?rest_route=%2Fwp%2Fv2%2Ftags&post=1119"}],"curies":[{"name":"wp","href":"https:\/\/api.w.org\/{rel}","templated":true}]}}