{"id":11189,"date":"2024-01-13T08:40:19","date_gmt":"2024-01-13T08:40:19","guid":{"rendered":"https:\/\/www.latribunedufaso.net\/?p=11189"},"modified":"2024-01-12T21:40:51","modified_gmt":"2024-01-12T21:40:51","slug":"retenue-obligatoire-sur-les-salaires-pour-leffort-de-paix-aucun-sacrifice-ne-sera-de-trop-quant-il-s-agit-de-recouvrer-lintegrite-du-pays-boukary-bogre","status":"publish","type":"post","link":"https:\/\/www.latribunedufaso.net\/?p=11189","title":{"rendered":"Retenue obligatoire sur les salaires pour l\u2019effort de paix : \u00ab Aucun sacrifice ne sera de trop, quant il s\u2019 agit de recouvrer l\u2019int\u00e9grit\u00e9 du pays \u00bb, Boukary Bogr\u00e9\u00a0"},"content":{"rendered":"<p><strong><span style=\"font-size: 1.0625rem;\">En conseil des ministres du 05 janvier 2024, le gouvernement burkinab\u00e8 a adopt\u00e9 un d\u00e9cret portant institution d\u2019une retenue obligatoire sur les r\u00e9mun\u00e9rations des travailleurs du public et du priv\u00e9 (1%) ainsi que sur les primes dans les diff\u00e9rents d\u00e9partements minist\u00e9riels (25%). A cela, s\u2019ajoutent 2% sur le b\u00e9n\u00e9fice net des entreprises.<\/span><\/strong><br \/><!--more--><\/p>\n<p>Selon le gouvernement, cette contribution vise \u00e0 am\u00e9liorer d\u2019une part, l\u2019\u00e9quipement des Forces de d\u00e9fense et de s\u00e9curit\u00e9 et d\u2019autre part, la prime des Volontaires pour la d\u00e9fense de la patrie qui devra passer de 60 000 \u00e0 80 000 FCFA. Toute chose, \u00e0 les entendre, qui va concourir \u00e0 la lutte contre le terrorisme, car comme le savent tous, cela fait maintenant plus de 8 ans que le Burkina Faso fait face aux forces du mal .<\/p>\n<p>Dans le but de recueillir l\u2019avis des salari\u00e9s sur cette nouvelle donne, une \u00e9quipe de latribunedufaso.net a tendu le micro \u00e0 quelques travailleurs dans la ville de Ouagadougou, ce jeudi 11 janvier 2023.<\/p>\n<p>Pour la plupart des interview\u00e9s, la retenue sur le salaire n\u2019est pas un probl\u00e8me, pourvu qu\u2019on en finisse avec cette guerre.<\/p>\n<p><a href=\"https:\/\/www.latribunedufaso.net\/wp-content\/uploads\/2024\/01\/IMG-20240111-WA0042.jpg\"><img loading=\"lazy\" decoding=\"async\" class=\"size-medium wp-image-11190 alignleft\" src=\"https:\/\/www.latribunedufaso.net\/wp-content\/uploads\/2024\/01\/IMG-20240111-WA0042-225x300.jpg\" alt=\"\" width=\"225\" height=\"300\" srcset=\"https:\/\/www.latribunedufaso.net\/wp-content\/uploads\/2024\/01\/IMG-20240111-WA0042-225x300.jpg 225w, https:\/\/www.latribunedufaso.net\/wp-content\/uploads\/2024\/01\/IMG-20240111-WA0042-767x1024.jpg 767w, https:\/\/www.latribunedufaso.net\/wp-content\/uploads\/2024\/01\/IMG-20240111-WA0042-768x1025.jpg 768w, https:\/\/www.latribunedufaso.net\/wp-content\/uploads\/2024\/01\/IMG-20240111-WA0042.jpg 809w\" sizes=\"auto, (max-width: 225px) 100vw, 225px\" \/><\/a>C\u2019est le cas par exemple de Boukary Bogr\u00e9, journaliste. \u00ab Pour le pr\u00e9l\u00e8vement de 1%, je pense que si le gouvernement a agit ainsi, c\u2019est qu\u2019il n\u2019avait pas le choix. Tout gouvernant aspire au meilleur pour sa population. De cet \u00e9tat de fait, je pense que c\u2019est \u00e0 son corps d\u00e9fendant que le gouvernement a pris ces mesures. La guerre est ch\u00e8re et demande des sacrifices. Pour cela, aucun sacrifice ne sera de trop, quant il s\u2019<span style=\"font-size: 1.0625rem;\">agit de recouvrer l\u2019int\u00e9grit\u00e9 du pays. Pour cela, consentons autant de sacrifices qu\u2019il faut, pour lib\u00e9rer notre pays. Je comprends aussi ces personnes qui disent \u00eatre contre ces mesures, car pour eux trop d\u2019imp\u00f4ts tuent l\u2019imp\u00f4t, mais qu\u2019ils sachent qu\u2019on a qu\u2019un seul pays et qu\u2019il faut travailler co\u00fbte que co\u00fbte \u00e0 le pr\u00e9server et prot\u00e9ger. Finissons avec la guerre et apr\u00e8s nous reviendrons pour discuter sur certains d\u00e9tails de la vie de notre nation. Que le gouvernement montre aussi patte blanche en rassurant les populations \u00e0 travers la transparence dans l\u2019utilisation de ces fonds collect\u00e9s aupr\u00e8s des Burkinab\u00e8. Ces derniers jours, le capitaine Ibrahim Traor\u00e9 est en train de rassurer les plus sceptiques au travers les nouvelles mesures de traitement des Volontaires pour la D\u00e9fense de la Patrie (VDP) qui sont entr\u00e9es en vigueur. Les Force de D\u00e9fense et de S\u00e9curit\u00e9 (FDS) et VDP jouent d\u00e9j\u00e0 leurs partitions au p\u00e9ril de leurs vies. Jouons la n\u00f4tre. Pr\u00f4nons l\u2019unit\u00e9 et la coh\u00e9sion pour gagner la guerre. Puisse Dieu nous venir en aide et que la paix et la s\u00e9curit\u00e9 reviennent au pays \u00bb, a-t-il argument\u00e9.<\/span><\/p>\n<p>Pour O . P \u00e9galement, agent de la fonction publique, le pr\u00e9l\u00e8vement de 1% sur le salaire va aider \u00e0 lutter \u00ab efficacement \u00bb contre la crise s\u00e9curitaire. Premi\u00e8rement, explique t-il, c\u2019est une guerre qui demande beaucoup de moyens et le gouvernement est confront\u00e9 \u00e0 un probl\u00e8me de fonds. \u00c9tant donn\u00e9 que le meilleur moyen de financer cette lutte est l\u2019auto financement, la contribution des travailleurs et entrepreneurs ne peut qu&rsquo;\u00eatre imp\u00e9rative. La deuxi\u00e8me raison qui me motive \u00e0 soutenir cette d\u00e9cision, ajoute t-il, est que le gouvernement met la population au parfum de la gestion de ces fonds pr\u00e9lev\u00e9s de fa\u00e7on concr\u00e8te. \u00ab Comparativement aux r\u00e9gimes pr\u00e9c\u00e9dents, avec celui l\u00e0, nous avons toujours un compte rendu des entr\u00e9es et des sorties des fonds du pauvre contribuables. Nous savons \u00e9galement o\u00f9 est-ce que ces fonds sont orient\u00e9s, avec \u00e0 l\u2019appui des r\u00e9sultats sur le terrain et sur les conditions de vie des actionneurs principaux. C\u2019est-\u00e0-dire l\u2019am\u00e9lioration des conditions de vie des VDP et FDS ainsi que l\u2019acquisition des moyens mat\u00e9riels. \u00bb, peut-on l\u2019entendre.<\/p>\n<p>Troisi\u00e8mement, poursuit-il, cette d\u00e9cision vient impliquer tous les burkinab\u00e8 dans cette lutte, ce qui cr\u00e9e un esprit de patriotisme. Nous avons vu la r\u00e9action de certains travailleurs lorsque la contribution des 1% \u00e9taient volontaires. Malgr\u00e9 que c\u2019est une question de la patrie, beaucoup vivaient \u00e0 l\u2019aise comme s\u2019ils n\u2019\u00e9taient pas concern\u00e9s dans cette guerre et dans toute leur argumentation, ils faisaient sortir uniquement que les devoirs du gouvernement. Cette d\u00e9cision vient mettre toute la population dans la m\u00eame direction \u00bb.<\/p>\n<p>\u00ab Sans la paix, toutes ces entreprises vont finir en fum\u00e9e un jour \u00bb, Ahamadou Derm\u00e9, chef comptable \u00e0 l\u2019ISPP<\/p>\n<p><a href=\"https:\/\/www.latribunedufaso.net\/wp-content\/uploads\/2024\/01\/IMG-20240111-WA0041.jpg\"><img loading=\"lazy\" decoding=\"async\" class=\"size-medium wp-image-11191 alignleft\" src=\"https:\/\/www.latribunedufaso.net\/wp-content\/uploads\/2024\/01\/IMG-20240111-WA0041-300x226.jpg\" alt=\"\" width=\"300\" height=\"226\" srcset=\"https:\/\/www.latribunedufaso.net\/wp-content\/uploads\/2024\/01\/IMG-20240111-WA0041-300x226.jpg 300w, https:\/\/www.latribunedufaso.net\/wp-content\/uploads\/2024\/01\/IMG-20240111-WA0041-768x578.jpg 768w, https:\/\/www.latribunedufaso.net\/wp-content\/uploads\/2024\/01\/IMG-20240111-WA0041.jpg 1020w\" sizes=\"auto, (max-width: 300px) 100vw, 300px\" \/><\/a>En ce qui concerne la retenue de 2% sur le b\u00e9n\u00e9fice net des entreprises, selon Ahamadou Derm\u00e9, chef comptable \u00e0 l\u2019Institut sup\u00e9rieur priv\u00e9 polytechnique (ISPP), <span style=\"font-size: 1.0625rem;\">elle est une bonne d\u00e9cision. \u00ab Les entreprises sont le maillons essentiel de l\u2019\u00e9conomie du pays. 2% pour certaines entreprises repr\u00e9sentent des millions et \u00e7a va aider l\u2019Etat . Le 31 d\u00e9cembre le pr\u00e9sident lui-m\u00eame a fait savoir qu&rsquo;on a toujours besoin d\u2019aide. Nous avons laiss\u00e9 tomber la coop\u00e9ration avec certains pays et avec cette nouvelle politique, nous ne pouvons compter que sur nous m\u00eame. Ainsi, il n&rsquo;y a aucun sacrifice de trop pour sauver le pays. Il y a des entreprises qui faisaient d\u00e9j\u00e0 des dons, souvent m\u00eame au-del\u00e0 des 2%. Je pense que sans la paix, toutes ces entreprises vont finir en fum\u00e9e un jour. Il faut alors mettre tout en \u0153uvre pour le retour rapide de la paix. De ce que j\u2019ai entendu au journal, le gouvernement veut mettre tous les moyens de leur cot\u00e9, pour \u00e9radiquer ou du moins qu\u2019on n\u2019entende plus parler de terrorisme en fin 2024 \u00bb, a-t-il signifi\u00e9.<\/span><\/p>\n<p><strong>Astride Kiendrebeogo et Nabintou Ouattara (stagiaire)<\/strong><\/p>\n<p><strong>Latribunedufaso.net<\/strong><\/p>\n","protected":false},"excerpt":{"rendered":"<p>En conseil des ministres du 05 janvier 2024, le gouvernement burkinab\u00e8 a adopt\u00e9 un d\u00e9cret portant institution d\u2019une retenue obligatoire sur les r\u00e9mun\u00e9rations des travailleurs du public et du priv\u00e9 (1%) ainsi que sur les primes dans les diff\u00e9rents d\u00e9partements minist\u00e9riels (25%). A cela, s\u2019ajoutent 2% sur le b\u00e9n\u00e9fice net des entreprises.<\/p>\n","protected":false},"author":5,"featured_media":11192,"comment_status":"open","ping_status":"open","sticky":false,"template":"","format":"standard","meta":{"footnotes":""},"categories":[13,1,10],"tags":[],"class_list":["post-11189","post","type-post","status-publish","format-standard","has-post-thumbnail","hentry","category-une","category-actu","category-eco"],"yoast_head":"<!-- This site is optimized with the Yoast SEO plugin v27.5 - https:\/\/yoast.com\/product\/yoast-seo-wordpress\/ -->\n<title>Retenue obligatoire sur les salaires pour l\u2019effort de paix : \u00ab Aucun sacrifice ne sera de trop, quant il s\u2019 agit de recouvrer l\u2019int\u00e9grit\u00e9 du pays \u00bb, Boukary Bogr\u00e9\u00a0 - La Tribune du Faso<\/title>\n<meta name=\"robots\" content=\"index, follow, max-snippet:-1, max-image-preview:large, max-video-preview:-1\" \/>\n<link rel=\"canonical\" href=\"https:\/\/www.latribunedufaso.net\/?p=11189\" \/>\n<meta property=\"og:locale\" content=\"fr_FR\" \/>\n<meta property=\"og:type\" content=\"article\" \/>\n<meta property=\"og:title\" content=\"Retenue obligatoire sur les salaires pour l\u2019effort de paix : \u00ab Aucun sacrifice ne sera de trop, quant il s\u2019 agit de recouvrer l\u2019int\u00e9grit\u00e9 du pays \u00bb, Boukary Bogr\u00e9\u00a0 - La Tribune du Faso\" \/>\n<meta property=\"og:description\" content=\"En conseil des ministres du 05 janvier 2024, le gouvernement burkinab\u00e8 a adopt\u00e9 un d\u00e9cret portant institution d\u2019une retenue obligatoire sur les r\u00e9mun\u00e9rations des travailleurs du public et du priv\u00e9 (1%) ainsi que sur les primes dans les diff\u00e9rents d\u00e9partements minist\u00e9riels (25%). A cela, s\u2019ajoutent 2% sur le b\u00e9n\u00e9fice net des entreprises.\" \/>\n<meta property=\"og:url\" content=\"https:\/\/www.latribunedufaso.net\/?p=11189\" \/>\n<meta property=\"og:site_name\" content=\"La Tribune du Faso\" \/>\n<meta property=\"article:publisher\" content=\"https:\/\/www.facebook.com\/LatribuneduFaso\/\" \/>\n<meta property=\"article:published_time\" content=\"2024-01-13T08:40:19+00:00\" \/>\n<meta property=\"og:image\" content=\"https:\/\/www.latribunedufaso.net\/wp-content\/uploads\/2024\/01\/arton120507.jpg\" \/>\n\t<meta property=\"og:image:width\" content=\"640\" \/>\n\t<meta property=\"og:image:height\" content=\"435\" \/>\n\t<meta property=\"og:image:type\" content=\"image\/jpeg\" \/>\n<meta name=\"author\" content=\"Issouf Tapsoba\" \/>\n<meta name=\"twitter:label1\" content=\"\u00c9crit par\" \/>\n\t<meta name=\"twitter:data1\" content=\"Issouf Tapsoba\" \/>\n\t<meta name=\"twitter:label2\" content=\"Dur\u00e9e de lecture estim\u00e9e\" \/>\n\t<meta name=\"twitter:data2\" content=\"5 minutes\" \/>\n<script type=\"application\/ld+json\" class=\"yoast-schema-graph\">{\"@context\":\"https:\\\/\\\/schema.org\",\"@graph\":[{\"@type\":\"Article\",\"@id\":\"https:\\\/\\\/www.latribunedufaso.net\\\/?p=11189#article\",\"isPartOf\":{\"@id\":\"https:\\\/\\\/www.latribunedufaso.net\\\/?p=11189\"},\"author\":{\"name\":\"Issouf Tapsoba\",\"@id\":\"https:\\\/\\\/www.latribunedufaso.net\\\/#\\\/schema\\\/person\\\/e54e64c5778a7e72cf80a318b7a622b0\"},\"headline\":\"Retenue obligatoire sur les salaires pour l\u2019effort de paix : \u00ab Aucun sacrifice ne sera de trop, quant il s\u2019 agit de recouvrer l\u2019int\u00e9grit\u00e9 du pays \u00bb, Boukary Bogr\u00e9\u00a0\",\"datePublished\":\"2024-01-13T08:40:19+00:00\",\"mainEntityOfPage\":{\"@id\":\"https:\\\/\\\/www.latribunedufaso.net\\\/?p=11189\"},\"wordCount\":1016,\"commentCount\":0,\"publisher\":{\"@id\":\"https:\\\/\\\/www.latribunedufaso.net\\\/#organization\"},\"image\":{\"@id\":\"https:\\\/\\\/www.latribunedufaso.net\\\/?p=11189#primaryimage\"},\"thumbnailUrl\":\"https:\\\/\\\/www.latribunedufaso.net\\\/wp-content\\\/uploads\\\/2024\\\/01\\\/arton120507.jpg\",\"articleSection\":[\"A la une\",\"Actualit\u00e9\",\"Economie\"],\"inLanguage\":\"fr-FR\",\"potentialAction\":[{\"@type\":\"CommentAction\",\"name\":\"Comment\",\"target\":[\"https:\\\/\\\/www.latribunedufaso.net\\\/?p=11189#respond\"]}]},{\"@type\":\"WebPage\",\"@id\":\"https:\\\/\\\/www.latribunedufaso.net\\\/?p=11189\",\"url\":\"https:\\\/\\\/www.latribunedufaso.net\\\/?p=11189\",\"name\":\"Retenue obligatoire sur les salaires pour l\u2019effort de paix : \u00ab Aucun sacrifice ne sera de trop, quant il s\u2019 agit de recouvrer l\u2019int\u00e9grit\u00e9 du pays \u00bb, Boukary Bogr\u00e9\u00a0 - La Tribune du Faso\",\"isPartOf\":{\"@id\":\"https:\\\/\\\/www.latribunedufaso.net\\\/#website\"},\"primaryImageOfPage\":{\"@id\":\"https:\\\/\\\/www.latribunedufaso.net\\\/?p=11189#primaryimage\"},\"image\":{\"@id\":\"https:\\\/\\\/www.latribunedufaso.net\\\/?p=11189#primaryimage\"},\"thumbnailUrl\":\"https:\\\/\\\/www.latribunedufaso.net\\\/wp-content\\\/uploads\\\/2024\\\/01\\\/arton120507.jpg\",\"datePublished\":\"2024-01-13T08:40:19+00:00\",\"breadcrumb\":{\"@id\":\"https:\\\/\\\/www.latribunedufaso.net\\\/?p=11189#breadcrumb\"},\"inLanguage\":\"fr-FR\",\"potentialAction\":[{\"@type\":\"ReadAction\",\"target\":[\"https:\\\/\\\/www.latribunedufaso.net\\\/?p=11189\"]}]},{\"@type\":\"ImageObject\",\"inLanguage\":\"fr-FR\",\"@id\":\"https:\\\/\\\/www.latribunedufaso.net\\\/?p=11189#primaryimage\",\"url\":\"https:\\\/\\\/www.latribunedufaso.net\\\/wp-content\\\/uploads\\\/2024\\\/01\\\/arton120507.jpg\",\"contentUrl\":\"https:\\\/\\\/www.latribunedufaso.net\\\/wp-content\\\/uploads\\\/2024\\\/01\\\/arton120507.jpg\",\"width\":640,\"height\":435},{\"@type\":\"BreadcrumbList\",\"@id\":\"https:\\\/\\\/www.latribunedufaso.net\\\/?p=11189#breadcrumb\",\"itemListElement\":[{\"@type\":\"ListItem\",\"position\":1,\"name\":\"Accueil\",\"item\":\"https:\\\/\\\/www.latribunedufaso.net\\\/\"},{\"@type\":\"ListItem\",\"position\":2,\"name\":\"Retenue obligatoire sur les salaires pour l\u2019effort de paix : \u00ab Aucun sacrifice ne sera de trop, quant il s\u2019 agit de recouvrer l\u2019int\u00e9grit\u00e9 du pays \u00bb, Boukary Bogr\u00e9\u00a0\"}]},{\"@type\":\"WebSite\",\"@id\":\"https:\\\/\\\/www.latribunedufaso.net\\\/#website\",\"url\":\"https:\\\/\\\/www.latribunedufaso.net\\\/\",\"name\":\"La Tribune du Faso\",\"description\":\"L&#039;information du monde rural en un clic\",\"publisher\":{\"@id\":\"https:\\\/\\\/www.latribunedufaso.net\\\/#organization\"},\"potentialAction\":[{\"@type\":\"SearchAction\",\"target\":{\"@type\":\"EntryPoint\",\"urlTemplate\":\"https:\\\/\\\/www.latribunedufaso.net\\\/?s={search_term_string}\"},\"query-input\":{\"@type\":\"PropertyValueSpecification\",\"valueRequired\":true,\"valueName\":\"search_term_string\"}}],\"inLanguage\":\"fr-FR\"},{\"@type\":\"Organization\",\"@id\":\"https:\\\/\\\/www.latribunedufaso.net\\\/#organization\",\"name\":\"La Tribune du Faso\",\"url\":\"https:\\\/\\\/www.latribunedufaso.net\\\/\",\"logo\":{\"@type\":\"ImageObject\",\"inLanguage\":\"fr-FR\",\"@id\":\"https:\\\/\\\/www.latribunedufaso.net\\\/#\\\/schema\\\/logo\\\/image\\\/\",\"url\":\"https:\\\/\\\/www.latribunedufaso.net\\\/wp-content\\\/uploads\\\/2020\\\/08\\\/Logo-Tribune-du-Faso-final-scaled.jpg\",\"contentUrl\":\"https:\\\/\\\/www.latribunedufaso.net\\\/wp-content\\\/uploads\\\/2020\\\/08\\\/Logo-Tribune-du-Faso-final-scaled.jpg\",\"width\":2560,\"height\":1856,\"caption\":\"La Tribune du Faso\"},\"image\":{\"@id\":\"https:\\\/\\\/www.latribunedufaso.net\\\/#\\\/schema\\\/logo\\\/image\\\/\"},\"sameAs\":[\"https:\\\/\\\/www.facebook.com\\\/LatribuneduFaso\\\/\"]},{\"@type\":\"Person\",\"@id\":\"https:\\\/\\\/www.latribunedufaso.net\\\/#\\\/schema\\\/person\\\/e54e64c5778a7e72cf80a318b7a622b0\",\"name\":\"Issouf Tapsoba\",\"image\":{\"@type\":\"ImageObject\",\"inLanguage\":\"fr-FR\",\"@id\":\"https:\\\/\\\/secure.gravatar.com\\\/avatar\\\/5e6c05150ce3230247d167f5b94d678eb05936197436d69b7921e3a95c9107ac?s=96&d=mm&r=g\",\"url\":\"https:\\\/\\\/secure.gravatar.com\\\/avatar\\\/5e6c05150ce3230247d167f5b94d678eb05936197436d69b7921e3a95c9107ac?s=96&d=mm&r=g\",\"contentUrl\":\"https:\\\/\\\/secure.gravatar.com\\\/avatar\\\/5e6c05150ce3230247d167f5b94d678eb05936197436d69b7921e3a95c9107ac?s=96&d=mm&r=g\",\"caption\":\"Issouf Tapsoba\"},\"url\":\"https:\\\/\\\/www.latribunedufaso.net\\\/?author=5\"}]}<\/script>\n<!-- \/ Yoast SEO plugin. -->","yoast_head_json":{"title":"Retenue obligatoire sur les salaires pour l\u2019effort de paix : \u00ab Aucun sacrifice ne sera de trop, quant il s\u2019 agit de recouvrer l\u2019int\u00e9grit\u00e9 du pays \u00bb, Boukary Bogr\u00e9\u00a0 - La Tribune du Faso","robots":{"index":"index","follow":"follow","max-snippet":"max-snippet:-1","max-image-preview":"max-image-preview:large","max-video-preview":"max-video-preview:-1"},"canonical":"https:\/\/www.latribunedufaso.net\/?p=11189","og_locale":"fr_FR","og_type":"article","og_title":"Retenue obligatoire sur les salaires pour l\u2019effort de paix : \u00ab Aucun sacrifice ne sera de trop, quant il s\u2019 agit de recouvrer l\u2019int\u00e9grit\u00e9 du pays \u00bb, Boukary Bogr\u00e9\u00a0 - La Tribune du Faso","og_description":"En conseil des ministres du 05 janvier 2024, le gouvernement burkinab\u00e8 a adopt\u00e9 un d\u00e9cret portant institution d\u2019une retenue obligatoire sur les r\u00e9mun\u00e9rations des travailleurs du public et du priv\u00e9 (1%) ainsi que sur les primes dans les diff\u00e9rents d\u00e9partements minist\u00e9riels (25%). A cela, s\u2019ajoutent 2% sur le b\u00e9n\u00e9fice net des entreprises.","og_url":"https:\/\/www.latribunedufaso.net\/?p=11189","og_site_name":"La Tribune du Faso","article_publisher":"https:\/\/www.facebook.com\/LatribuneduFaso\/","article_published_time":"2024-01-13T08:40:19+00:00","og_image":[{"width":640,"height":435,"url":"https:\/\/www.latribunedufaso.net\/wp-content\/uploads\/2024\/01\/arton120507.jpg","type":"image\/jpeg"}],"author":"Issouf Tapsoba","twitter_misc":{"\u00c9crit par":"Issouf Tapsoba","Dur\u00e9e de lecture estim\u00e9e":"5 minutes"},"schema":{"@context":"https:\/\/schema.org","@graph":[{"@type":"Article","@id":"https:\/\/www.latribunedufaso.net\/?p=11189#article","isPartOf":{"@id":"https:\/\/www.latribunedufaso.net\/?p=11189"},"author":{"name":"Issouf Tapsoba","@id":"https:\/\/www.latribunedufaso.net\/#\/schema\/person\/e54e64c5778a7e72cf80a318b7a622b0"},"headline":"Retenue obligatoire sur les salaires pour l\u2019effort de paix : \u00ab Aucun sacrifice ne sera de trop, quant il s\u2019 agit de recouvrer l\u2019int\u00e9grit\u00e9 du pays \u00bb, Boukary Bogr\u00e9\u00a0","datePublished":"2024-01-13T08:40:19+00:00","mainEntityOfPage":{"@id":"https:\/\/www.latribunedufaso.net\/?p=11189"},"wordCount":1016,"commentCount":0,"publisher":{"@id":"https:\/\/www.latribunedufaso.net\/#organization"},"image":{"@id":"https:\/\/www.latribunedufaso.net\/?p=11189#primaryimage"},"thumbnailUrl":"https:\/\/www.latribunedufaso.net\/wp-content\/uploads\/2024\/01\/arton120507.jpg","articleSection":["A la une","Actualit\u00e9","Economie"],"inLanguage":"fr-FR","potentialAction":[{"@type":"CommentAction","name":"Comment","target":["https:\/\/www.latribunedufaso.net\/?p=11189#respond"]}]},{"@type":"WebPage","@id":"https:\/\/www.latribunedufaso.net\/?p=11189","url":"https:\/\/www.latribunedufaso.net\/?p=11189","name":"Retenue obligatoire sur les salaires pour l\u2019effort de paix : \u00ab Aucun sacrifice ne sera de trop, quant il s\u2019 agit de recouvrer l\u2019int\u00e9grit\u00e9 du pays \u00bb, Boukary Bogr\u00e9\u00a0 - La Tribune du Faso","isPartOf":{"@id":"https:\/\/www.latribunedufaso.net\/#website"},"primaryImageOfPage":{"@id":"https:\/\/www.latribunedufaso.net\/?p=11189#primaryimage"},"image":{"@id":"https:\/\/www.latribunedufaso.net\/?p=11189#primaryimage"},"thumbnailUrl":"https:\/\/www.latribunedufaso.net\/wp-content\/uploads\/2024\/01\/arton120507.jpg","datePublished":"2024-01-13T08:40:19+00:00","breadcrumb":{"@id":"https:\/\/www.latribunedufaso.net\/?p=11189#breadcrumb"},"inLanguage":"fr-FR","potentialAction":[{"@type":"ReadAction","target":["https:\/\/www.latribunedufaso.net\/?p=11189"]}]},{"@type":"ImageObject","inLanguage":"fr-FR","@id":"https:\/\/www.latribunedufaso.net\/?p=11189#primaryimage","url":"https:\/\/www.latribunedufaso.net\/wp-content\/uploads\/2024\/01\/arton120507.jpg","contentUrl":"https:\/\/www.latribunedufaso.net\/wp-content\/uploads\/2024\/01\/arton120507.jpg","width":640,"height":435},{"@type":"BreadcrumbList","@id":"https:\/\/www.latribunedufaso.net\/?p=11189#breadcrumb","itemListElement":[{"@type":"ListItem","position":1,"name":"Accueil","item":"https:\/\/www.latribunedufaso.net\/"},{"@type":"ListItem","position":2,"name":"Retenue obligatoire sur les salaires pour l\u2019effort de paix : \u00ab Aucun sacrifice ne sera de trop, quant il s\u2019 agit de recouvrer l\u2019int\u00e9grit\u00e9 du pays \u00bb, Boukary Bogr\u00e9\u00a0"}]},{"@type":"WebSite","@id":"https:\/\/www.latribunedufaso.net\/#website","url":"https:\/\/www.latribunedufaso.net\/","name":"La Tribune du Faso","description":"L&#039;information du monde rural en un clic","publisher":{"@id":"https:\/\/www.latribunedufaso.net\/#organization"},"potentialAction":[{"@type":"SearchAction","target":{"@type":"EntryPoint","urlTemplate":"https:\/\/www.latribunedufaso.net\/?s={search_term_string}"},"query-input":{"@type":"PropertyValueSpecification","valueRequired":true,"valueName":"search_term_string"}}],"inLanguage":"fr-FR"},{"@type":"Organization","@id":"https:\/\/www.latribunedufaso.net\/#organization","name":"La Tribune du Faso","url":"https:\/\/www.latribunedufaso.net\/","logo":{"@type":"ImageObject","inLanguage":"fr-FR","@id":"https:\/\/www.latribunedufaso.net\/#\/schema\/logo\/image\/","url":"https:\/\/www.latribunedufaso.net\/wp-content\/uploads\/2020\/08\/Logo-Tribune-du-Faso-final-scaled.jpg","contentUrl":"https:\/\/www.latribunedufaso.net\/wp-content\/uploads\/2020\/08\/Logo-Tribune-du-Faso-final-scaled.jpg","width":2560,"height":1856,"caption":"La Tribune du Faso"},"image":{"@id":"https:\/\/www.latribunedufaso.net\/#\/schema\/logo\/image\/"},"sameAs":["https:\/\/www.facebook.com\/LatribuneduFaso\/"]},{"@type":"Person","@id":"https:\/\/www.latribunedufaso.net\/#\/schema\/person\/e54e64c5778a7e72cf80a318b7a622b0","name":"Issouf Tapsoba","image":{"@type":"ImageObject","inLanguage":"fr-FR","@id":"https:\/\/secure.gravatar.com\/avatar\/5e6c05150ce3230247d167f5b94d678eb05936197436d69b7921e3a95c9107ac?s=96&d=mm&r=g","url":"https:\/\/secure.gravatar.com\/avatar\/5e6c05150ce3230247d167f5b94d678eb05936197436d69b7921e3a95c9107ac?s=96&d=mm&r=g","contentUrl":"https:\/\/secure.gravatar.com\/avatar\/5e6c05150ce3230247d167f5b94d678eb05936197436d69b7921e3a95c9107ac?s=96&d=mm&r=g","caption":"Issouf Tapsoba"},"url":"https:\/\/www.latribunedufaso.net\/?author=5"}]}},"_links":{"self":[{"href":"https:\/\/www.latribunedufaso.net\/index.php?rest_route=\/wp\/v2\/posts\/11189","targetHints":{"allow":["GET"]}}],"collection":[{"href":"https:\/\/www.latribunedufaso.net\/index.php?rest_route=\/wp\/v2\/posts"}],"about":[{"href":"https:\/\/www.latribunedufaso.net\/index.php?rest_route=\/wp\/v2\/types\/post"}],"author":[{"embeddable":true,"href":"https:\/\/www.latribunedufaso.net\/index.php?rest_route=\/wp\/v2\/users\/5"}],"replies":[{"embeddable":true,"href":"https:\/\/www.latribunedufaso.net\/index.php?rest_route=%2Fwp%2Fv2%2Fcomments&post=11189"}],"version-history":[{"count":1,"href":"https:\/\/www.latribunedufaso.net\/index.php?rest_route=\/wp\/v2\/posts\/11189\/revisions"}],"predecessor-version":[{"id":11193,"href":"https:\/\/www.latribunedufaso.net\/index.php?rest_route=\/wp\/v2\/posts\/11189\/revisions\/11193"}],"wp:featuredmedia":[{"embeddable":true,"href":"https:\/\/www.latribunedufaso.net\/index.php?rest_route=\/wp\/v2\/media\/11192"}],"wp:attachment":[{"href":"https:\/\/www.latribunedufaso.net\/index.php?rest_route=%2Fwp%2Fv2%2Fmedia&parent=11189"}],"wp:term":[{"taxonomy":"category","embeddable":true,"href":"https:\/\/www.latribunedufaso.net\/index.php?rest_route=%2Fwp%2Fv2%2Fcategories&post=11189"},{"taxonomy":"post_tag","embeddable":true,"href":"https:\/\/www.latribunedufaso.net\/index.php?rest_route=%2Fwp%2Fv2%2Ftags&post=11189"}],"curies":[{"name":"wp","href":"https:\/\/api.w.org\/{rel}","templated":true}]}}