{"id":10972,"date":"2023-12-22T16:35:00","date_gmt":"2023-12-22T16:35:00","guid":{"rendered":"https:\/\/www.latribunedufaso.net\/?p=10972"},"modified":"2023-12-22T16:35:00","modified_gmt":"2023-12-22T16:35:00","slug":"projet-de-promotion-de-la-paix-et-renforcement-de-la-cohesion-sociale-gerddes-burkina-fait-le-bilan-de-la-mise-en-oeuvre","status":"publish","type":"post","link":"https:\/\/www.latribunedufaso.net\/?p=10972","title":{"rendered":"Projet de promotion de la paix et renforcement de la coh\u00e9sion sociale : GERDDES Burkina fait le bilan de la mise en \u0153uvre"},"content":{"rendered":"<p><strong><span style=\"font-size: 1.0625rem;\">Le Groupe d\u2019\u00e9tude et de recherche sur la d\u00e9mocratie et le d\u00e9veloppement \u00e9conomique et social au Burkina Faso (GERDDES Burkina) a tenu une conf\u00e9rence de presse ce vendredi 22 d\u00e9cembre 2023 \u00e0 Ouagadougou, portant sur le projet, \u00ab Promotion de l\u2019esprit de paix et de coh\u00e9sion sociale dans 5 communes du Burkina-Faso \u00bb.<\/span><\/strong><br \/><!--more--><\/p>\n<p>Apr\u00e8s deux ans de mise en \u0153uvre, dans les communes de Bama, Koundougou, Toussiana, B\u00e9regadougou, Moussodougou, la pr\u00e9sente conf\u00e9rence a pour but de faire cas des r\u00e9sultats engrang\u00e9s durant la phase 1 du projet (janvier 2022 \u00e0 d\u00e9cembre 2023).\u00a0<\/p>\n<p><a href=\"https:\/\/www.latribunedufaso.net\/wp-content\/uploads\/2023\/12\/IMG-20231222-WA0045.jpg\"><img loading=\"lazy\" decoding=\"async\" class=\"size-medium wp-image-10973 alignleft\" src=\"https:\/\/www.latribunedufaso.net\/wp-content\/uploads\/2023\/12\/IMG-20231222-WA0045-300x169.jpg\" alt=\"\" width=\"300\" height=\"169\" srcset=\"https:\/\/www.latribunedufaso.net\/wp-content\/uploads\/2023\/12\/IMG-20231222-WA0045-300x169.jpg 300w, https:\/\/www.latribunedufaso.net\/wp-content\/uploads\/2023\/12\/IMG-20231222-WA0045-768x432.jpg 768w, https:\/\/www.latribunedufaso.net\/wp-content\/uploads\/2023\/12\/IMG-20231222-WA0045.jpg 1000w\" sizes=\"auto, (max-width: 300px) 100vw, 300px\" \/><\/a>De ces r\u00e9sultats, nous avons notamment, la prise de conscience par les populations de l\u2019importance de la s\u00e9curisation des terres pour les g\u00e9n\u00e9rations futures et pour pr\u00e9venir les conflits fonciers ; le recours aux m\u00e9canismes pacifiques endog\u00e8nes de pr\u00e9vention et de gestion des conflits communautaires par les populations ; la dynamisation des observatoires d\u00e9partementaux de pr\u00e9vention et de gestion des conflits communautaires ; le renforcement de la coh\u00e9sion sociale entre les communaut\u00e9s des zones d\u2019intervention.<\/p>\n<p>En guise d\u2019exemple, notons qu\u2019\u00e0 Toussiana, plusieurs plaintes ont \u00e9t\u00e9 retir\u00e9es aux niveaux des tribunaux d\u00e9partementaux en vue de pr\u00e9server la paix et la coh\u00e9sion sociale. Le projet a \u00e9galement r\u00e9ussi \u00e0 r\u00e9unir les 03 chefs qui existe \u00e0 Toussiana autour d\u2019une activit\u00e9, chose qui \u00e9tait impossible avant selon les agents de terrain du projet.<\/p>\n<p><a href=\"https:\/\/www.latribunedufaso.net\/wp-content\/uploads\/2023\/12\/IMG-20231222-WA0043.jpg\"><img loading=\"lazy\" decoding=\"async\" class=\"size-medium wp-image-10976 alignleft\" src=\"https:\/\/www.latribunedufaso.net\/wp-content\/uploads\/2023\/12\/IMG-20231222-WA0043-300x169.jpg\" alt=\"\" width=\"300\" height=\"169\" srcset=\"https:\/\/www.latribunedufaso.net\/wp-content\/uploads\/2023\/12\/IMG-20231222-WA0043-300x169.jpg 300w, https:\/\/www.latribunedufaso.net\/wp-content\/uploads\/2023\/12\/IMG-20231222-WA0043-768x432.jpg 768w, https:\/\/www.latribunedufaso.net\/wp-content\/uploads\/2023\/12\/IMG-20231222-WA0043.jpg 1000w\" sizes=\"auto, (max-width: 300px) 100vw, 300px\" \/><\/a>A \u00e9couter le vice-pr\u00e9sident de GERDDES Burkina, Boureima Savadogo, le projet a \u00e9galement connu des difficult\u00e9s entres autres, la d\u00e9gradation du contexte s\u00e9curitaire, le changement permanent des autorit\u00e9s locales qui rend difficile la mise en \u0153uvre et le suivi de certains engagements, l\u2019inflation avec l\u2019augmentation du co\u00fbt des biens de premi\u00e8re n\u00e9cessit\u00e9.<\/p>\n<p>Les perspectives auxquelles GERDDES Burkina aspire sont notamment la poursuite du <span style=\"font-size: 1.0625rem;\">suivi de la mise en \u0153uvre des recommandations formul\u00e9es et des engagements pris lors des diff\u00e9rentes activit\u00e9s et non encore mis en \u0153uvre, la capitalisation des acquis du projet, la duplication des actions dans d\u2019autres communes afin d\u2019en \u00e9tendre les acquis et les bonnes pratiques.<\/span><\/p>\n<p>Ledit projet a \u00e9t\u00e9 financ\u00e9 par l\u2019Ambassade Royale du Danemark d\u2019un montant global de 99 501 800 FCFA repr\u00e9sentant 93,71% du budget global du projet.<\/p>\n<p><a href=\"https:\/\/www.latribunedufaso.net\/wp-content\/uploads\/2023\/12\/IMG-20231222-WA0044.jpg\"><img loading=\"lazy\" decoding=\"async\" class=\"size-medium wp-image-10974 alignleft\" src=\"https:\/\/www.latribunedufaso.net\/wp-content\/uploads\/2023\/12\/IMG-20231222-WA0044-300x169.jpg\" alt=\"\" width=\"300\" height=\"169\" srcset=\"https:\/\/www.latribunedufaso.net\/wp-content\/uploads\/2023\/12\/IMG-20231222-WA0044-300x169.jpg 300w, https:\/\/www.latribunedufaso.net\/wp-content\/uploads\/2023\/12\/IMG-20231222-WA0044-768x432.jpg 768w, https:\/\/www.latribunedufaso.net\/wp-content\/uploads\/2023\/12\/IMG-20231222-WA0044.jpg 1000w\" sizes=\"auto, (max-width: 300px) 100vw, 300px\" \/><\/a>L\u2019objectif global du projet, faut-il le rappeler, \u00e9tait de contribuer \u00e0 promouvoir les valeurs d\u2019une culture de paix, de dialogue et de coh\u00e9sion sociale au Burkina Faso.<\/p>\n<p><strong>In\u00e8s Tougma (stagiaire)<\/strong><\/p>\n<p><strong>Latribun<span style=\"font-size: 1.0625rem;\">edufaso.net<\/span><\/strong><\/p>\n","protected":false},"excerpt":{"rendered":"<p>Le Groupe d\u2019\u00e9tude et de recherche sur la d\u00e9mocratie et le d\u00e9veloppement \u00e9conomique et social au Burkina Faso (GERDDES Burkina) a tenu une conf\u00e9rence de presse ce vendredi 22 d\u00e9cembre 2023 \u00e0 Ouagadougou, portant sur le projet, \u00ab Promotion de l\u2019esprit de paix et de coh\u00e9sion sociale dans 5 communes du Burkina-Faso \u00bb.<\/p>\n","protected":false},"author":5,"featured_media":10975,"comment_status":"open","ping_status":"open","sticky":false,"template":"","format":"standard","meta":{"footnotes":""},"categories":[13,1,8],"tags":[],"class_list":["post-10972","post","type-post","status-publish","format-standard","has-post-thumbnail","hentry","category-une","category-actu","category-societe"],"yoast_head":"<!-- This site is optimized with the Yoast SEO plugin v27.5 - https:\/\/yoast.com\/product\/yoast-seo-wordpress\/ -->\n<title>Projet de promotion de la paix et renforcement de la coh\u00e9sion sociale : GERDDES Burkina fait le bilan de la mise en \u0153uvre - La Tribune du Faso<\/title>\n<meta name=\"robots\" content=\"index, follow, max-snippet:-1, max-image-preview:large, max-video-preview:-1\" \/>\n<link rel=\"canonical\" href=\"https:\/\/www.latribunedufaso.net\/?p=10972\" \/>\n<meta property=\"og:locale\" content=\"fr_FR\" \/>\n<meta property=\"og:type\" content=\"article\" \/>\n<meta property=\"og:title\" content=\"Projet de promotion de la paix et renforcement de la coh\u00e9sion sociale : GERDDES Burkina fait le bilan de la mise en \u0153uvre - La Tribune du Faso\" \/>\n<meta property=\"og:description\" content=\"Le Groupe d\u2019\u00e9tude et de recherche sur la d\u00e9mocratie et le d\u00e9veloppement \u00e9conomique et social au Burkina Faso (GERDDES Burkina) a tenu une conf\u00e9rence de presse ce vendredi 22 d\u00e9cembre 2023 \u00e0 Ouagadougou, portant sur le projet, \u00ab Promotion de l\u2019esprit de paix et de coh\u00e9sion sociale dans 5 communes du Burkina-Faso \u00bb.\" \/>\n<meta property=\"og:url\" content=\"https:\/\/www.latribunedufaso.net\/?p=10972\" \/>\n<meta property=\"og:site_name\" content=\"La Tribune du Faso\" \/>\n<meta property=\"article:publisher\" content=\"https:\/\/www.facebook.com\/LatribuneduFaso\/\" \/>\n<meta property=\"article:published_time\" content=\"2023-12-22T16:35:00+00:00\" \/>\n<meta property=\"og:image\" content=\"https:\/\/www.latribunedufaso.net\/wp-content\/uploads\/2023\/12\/IMG-20231222-WA0042.jpg\" \/>\n\t<meta property=\"og:image:width\" content=\"1000\" \/>\n\t<meta property=\"og:image:height\" content=\"563\" \/>\n\t<meta property=\"og:image:type\" content=\"image\/jpeg\" \/>\n<meta name=\"author\" content=\"Issouf Tapsoba\" \/>\n<meta name=\"twitter:label1\" content=\"\u00c9crit par\" \/>\n\t<meta name=\"twitter:data1\" content=\"Issouf Tapsoba\" \/>\n\t<meta name=\"twitter:label2\" content=\"Dur\u00e9e de lecture estim\u00e9e\" \/>\n\t<meta name=\"twitter:data2\" content=\"2 minutes\" \/>\n<script type=\"application\/ld+json\" class=\"yoast-schema-graph\">{\"@context\":\"https:\\\/\\\/schema.org\",\"@graph\":[{\"@type\":\"Article\",\"@id\":\"https:\\\/\\\/www.latribunedufaso.net\\\/?p=10972#article\",\"isPartOf\":{\"@id\":\"https:\\\/\\\/www.latribunedufaso.net\\\/?p=10972\"},\"author\":{\"name\":\"Issouf Tapsoba\",\"@id\":\"https:\\\/\\\/www.latribunedufaso.net\\\/#\\\/schema\\\/person\\\/e54e64c5778a7e72cf80a318b7a622b0\"},\"headline\":\"Projet de promotion de la paix et renforcement de la coh\u00e9sion sociale : GERDDES Burkina fait le bilan de la mise en \u0153uvre\",\"datePublished\":\"2023-12-22T16:35:00+00:00\",\"mainEntityOfPage\":{\"@id\":\"https:\\\/\\\/www.latribunedufaso.net\\\/?p=10972\"},\"wordCount\":447,\"commentCount\":0,\"publisher\":{\"@id\":\"https:\\\/\\\/www.latribunedufaso.net\\\/#organization\"},\"image\":{\"@id\":\"https:\\\/\\\/www.latribunedufaso.net\\\/?p=10972#primaryimage\"},\"thumbnailUrl\":\"https:\\\/\\\/www.latribunedufaso.net\\\/wp-content\\\/uploads\\\/2023\\\/12\\\/IMG-20231222-WA0042.jpg\",\"articleSection\":[\"A la une\",\"Actualit\u00e9\",\"Soci\u00e9t\u00e9\"],\"inLanguage\":\"fr-FR\",\"potentialAction\":[{\"@type\":\"CommentAction\",\"name\":\"Comment\",\"target\":[\"https:\\\/\\\/www.latribunedufaso.net\\\/?p=10972#respond\"]}]},{\"@type\":\"WebPage\",\"@id\":\"https:\\\/\\\/www.latribunedufaso.net\\\/?p=10972\",\"url\":\"https:\\\/\\\/www.latribunedufaso.net\\\/?p=10972\",\"name\":\"Projet de promotion de la paix et renforcement de la coh\u00e9sion sociale : GERDDES Burkina fait le bilan de la mise en \u0153uvre - La Tribune du Faso\",\"isPartOf\":{\"@id\":\"https:\\\/\\\/www.latribunedufaso.net\\\/#website\"},\"primaryImageOfPage\":{\"@id\":\"https:\\\/\\\/www.latribunedufaso.net\\\/?p=10972#primaryimage\"},\"image\":{\"@id\":\"https:\\\/\\\/www.latribunedufaso.net\\\/?p=10972#primaryimage\"},\"thumbnailUrl\":\"https:\\\/\\\/www.latribunedufaso.net\\\/wp-content\\\/uploads\\\/2023\\\/12\\\/IMG-20231222-WA0042.jpg\",\"datePublished\":\"2023-12-22T16:35:00+00:00\",\"breadcrumb\":{\"@id\":\"https:\\\/\\\/www.latribunedufaso.net\\\/?p=10972#breadcrumb\"},\"inLanguage\":\"fr-FR\",\"potentialAction\":[{\"@type\":\"ReadAction\",\"target\":[\"https:\\\/\\\/www.latribunedufaso.net\\\/?p=10972\"]}]},{\"@type\":\"ImageObject\",\"inLanguage\":\"fr-FR\",\"@id\":\"https:\\\/\\\/www.latribunedufaso.net\\\/?p=10972#primaryimage\",\"url\":\"https:\\\/\\\/www.latribunedufaso.net\\\/wp-content\\\/uploads\\\/2023\\\/12\\\/IMG-20231222-WA0042.jpg\",\"contentUrl\":\"https:\\\/\\\/www.latribunedufaso.net\\\/wp-content\\\/uploads\\\/2023\\\/12\\\/IMG-20231222-WA0042.jpg\",\"width\":1000,\"height\":563},{\"@type\":\"BreadcrumbList\",\"@id\":\"https:\\\/\\\/www.latribunedufaso.net\\\/?p=10972#breadcrumb\",\"itemListElement\":[{\"@type\":\"ListItem\",\"position\":1,\"name\":\"Accueil\",\"item\":\"https:\\\/\\\/www.latribunedufaso.net\\\/\"},{\"@type\":\"ListItem\",\"position\":2,\"name\":\"Projet de promotion de la paix et renforcement de la coh\u00e9sion sociale : GERDDES Burkina fait le bilan de la mise en \u0153uvre\"}]},{\"@type\":\"WebSite\",\"@id\":\"https:\\\/\\\/www.latribunedufaso.net\\\/#website\",\"url\":\"https:\\\/\\\/www.latribunedufaso.net\\\/\",\"name\":\"La Tribune du Faso\",\"description\":\"L&#039;information du monde rural en un clic\",\"publisher\":{\"@id\":\"https:\\\/\\\/www.latribunedufaso.net\\\/#organization\"},\"potentialAction\":[{\"@type\":\"SearchAction\",\"target\":{\"@type\":\"EntryPoint\",\"urlTemplate\":\"https:\\\/\\\/www.latribunedufaso.net\\\/?s={search_term_string}\"},\"query-input\":{\"@type\":\"PropertyValueSpecification\",\"valueRequired\":true,\"valueName\":\"search_term_string\"}}],\"inLanguage\":\"fr-FR\"},{\"@type\":\"Organization\",\"@id\":\"https:\\\/\\\/www.latribunedufaso.net\\\/#organization\",\"name\":\"La Tribune du Faso\",\"url\":\"https:\\\/\\\/www.latribunedufaso.net\\\/\",\"logo\":{\"@type\":\"ImageObject\",\"inLanguage\":\"fr-FR\",\"@id\":\"https:\\\/\\\/www.latribunedufaso.net\\\/#\\\/schema\\\/logo\\\/image\\\/\",\"url\":\"https:\\\/\\\/www.latribunedufaso.net\\\/wp-content\\\/uploads\\\/2020\\\/08\\\/Logo-Tribune-du-Faso-final-scaled.jpg\",\"contentUrl\":\"https:\\\/\\\/www.latribunedufaso.net\\\/wp-content\\\/uploads\\\/2020\\\/08\\\/Logo-Tribune-du-Faso-final-scaled.jpg\",\"width\":2560,\"height\":1856,\"caption\":\"La Tribune du Faso\"},\"image\":{\"@id\":\"https:\\\/\\\/www.latribunedufaso.net\\\/#\\\/schema\\\/logo\\\/image\\\/\"},\"sameAs\":[\"https:\\\/\\\/www.facebook.com\\\/LatribuneduFaso\\\/\"]},{\"@type\":\"Person\",\"@id\":\"https:\\\/\\\/www.latribunedufaso.net\\\/#\\\/schema\\\/person\\\/e54e64c5778a7e72cf80a318b7a622b0\",\"name\":\"Issouf Tapsoba\",\"image\":{\"@type\":\"ImageObject\",\"inLanguage\":\"fr-FR\",\"@id\":\"https:\\\/\\\/secure.gravatar.com\\\/avatar\\\/5e6c05150ce3230247d167f5b94d678eb05936197436d69b7921e3a95c9107ac?s=96&d=mm&r=g\",\"url\":\"https:\\\/\\\/secure.gravatar.com\\\/avatar\\\/5e6c05150ce3230247d167f5b94d678eb05936197436d69b7921e3a95c9107ac?s=96&d=mm&r=g\",\"contentUrl\":\"https:\\\/\\\/secure.gravatar.com\\\/avatar\\\/5e6c05150ce3230247d167f5b94d678eb05936197436d69b7921e3a95c9107ac?s=96&d=mm&r=g\",\"caption\":\"Issouf Tapsoba\"},\"url\":\"https:\\\/\\\/www.latribunedufaso.net\\\/?author=5\"}]}<\/script>\n<!-- \/ Yoast SEO plugin. -->","yoast_head_json":{"title":"Projet de promotion de la paix et renforcement de la coh\u00e9sion sociale : GERDDES Burkina fait le bilan de la mise en \u0153uvre - La Tribune du Faso","robots":{"index":"index","follow":"follow","max-snippet":"max-snippet:-1","max-image-preview":"max-image-preview:large","max-video-preview":"max-video-preview:-1"},"canonical":"https:\/\/www.latribunedufaso.net\/?p=10972","og_locale":"fr_FR","og_type":"article","og_title":"Projet de promotion de la paix et renforcement de la coh\u00e9sion sociale : GERDDES Burkina fait le bilan de la mise en \u0153uvre - La Tribune du Faso","og_description":"Le Groupe d\u2019\u00e9tude et de recherche sur la d\u00e9mocratie et le d\u00e9veloppement \u00e9conomique et social au Burkina Faso (GERDDES Burkina) a tenu une conf\u00e9rence de presse ce vendredi 22 d\u00e9cembre 2023 \u00e0 Ouagadougou, portant sur le projet, \u00ab Promotion de l\u2019esprit de paix et de coh\u00e9sion sociale dans 5 communes du Burkina-Faso \u00bb.","og_url":"https:\/\/www.latribunedufaso.net\/?p=10972","og_site_name":"La Tribune du Faso","article_publisher":"https:\/\/www.facebook.com\/LatribuneduFaso\/","article_published_time":"2023-12-22T16:35:00+00:00","og_image":[{"width":1000,"height":563,"url":"https:\/\/www.latribunedufaso.net\/wp-content\/uploads\/2023\/12\/IMG-20231222-WA0042.jpg","type":"image\/jpeg"}],"author":"Issouf Tapsoba","twitter_misc":{"\u00c9crit par":"Issouf Tapsoba","Dur\u00e9e de lecture estim\u00e9e":"2 minutes"},"schema":{"@context":"https:\/\/schema.org","@graph":[{"@type":"Article","@id":"https:\/\/www.latribunedufaso.net\/?p=10972#article","isPartOf":{"@id":"https:\/\/www.latribunedufaso.net\/?p=10972"},"author":{"name":"Issouf Tapsoba","@id":"https:\/\/www.latribunedufaso.net\/#\/schema\/person\/e54e64c5778a7e72cf80a318b7a622b0"},"headline":"Projet de promotion de la paix et renforcement de la coh\u00e9sion sociale : GERDDES Burkina fait le bilan de la mise en \u0153uvre","datePublished":"2023-12-22T16:35:00+00:00","mainEntityOfPage":{"@id":"https:\/\/www.latribunedufaso.net\/?p=10972"},"wordCount":447,"commentCount":0,"publisher":{"@id":"https:\/\/www.latribunedufaso.net\/#organization"},"image":{"@id":"https:\/\/www.latribunedufaso.net\/?p=10972#primaryimage"},"thumbnailUrl":"https:\/\/www.latribunedufaso.net\/wp-content\/uploads\/2023\/12\/IMG-20231222-WA0042.jpg","articleSection":["A la une","Actualit\u00e9","Soci\u00e9t\u00e9"],"inLanguage":"fr-FR","potentialAction":[{"@type":"CommentAction","name":"Comment","target":["https:\/\/www.latribunedufaso.net\/?p=10972#respond"]}]},{"@type":"WebPage","@id":"https:\/\/www.latribunedufaso.net\/?p=10972","url":"https:\/\/www.latribunedufaso.net\/?p=10972","name":"Projet de promotion de la paix et renforcement de la coh\u00e9sion sociale : GERDDES Burkina fait le bilan de la mise en \u0153uvre - La Tribune du Faso","isPartOf":{"@id":"https:\/\/www.latribunedufaso.net\/#website"},"primaryImageOfPage":{"@id":"https:\/\/www.latribunedufaso.net\/?p=10972#primaryimage"},"image":{"@id":"https:\/\/www.latribunedufaso.net\/?p=10972#primaryimage"},"thumbnailUrl":"https:\/\/www.latribunedufaso.net\/wp-content\/uploads\/2023\/12\/IMG-20231222-WA0042.jpg","datePublished":"2023-12-22T16:35:00+00:00","breadcrumb":{"@id":"https:\/\/www.latribunedufaso.net\/?p=10972#breadcrumb"},"inLanguage":"fr-FR","potentialAction":[{"@type":"ReadAction","target":["https:\/\/www.latribunedufaso.net\/?p=10972"]}]},{"@type":"ImageObject","inLanguage":"fr-FR","@id":"https:\/\/www.latribunedufaso.net\/?p=10972#primaryimage","url":"https:\/\/www.latribunedufaso.net\/wp-content\/uploads\/2023\/12\/IMG-20231222-WA0042.jpg","contentUrl":"https:\/\/www.latribunedufaso.net\/wp-content\/uploads\/2023\/12\/IMG-20231222-WA0042.jpg","width":1000,"height":563},{"@type":"BreadcrumbList","@id":"https:\/\/www.latribunedufaso.net\/?p=10972#breadcrumb","itemListElement":[{"@type":"ListItem","position":1,"name":"Accueil","item":"https:\/\/www.latribunedufaso.net\/"},{"@type":"ListItem","position":2,"name":"Projet de promotion de la paix et renforcement de la coh\u00e9sion sociale : GERDDES Burkina fait le bilan de la mise en \u0153uvre"}]},{"@type":"WebSite","@id":"https:\/\/www.latribunedufaso.net\/#website","url":"https:\/\/www.latribunedufaso.net\/","name":"La Tribune du Faso","description":"L&#039;information du monde rural en un clic","publisher":{"@id":"https:\/\/www.latribunedufaso.net\/#organization"},"potentialAction":[{"@type":"SearchAction","target":{"@type":"EntryPoint","urlTemplate":"https:\/\/www.latribunedufaso.net\/?s={search_term_string}"},"query-input":{"@type":"PropertyValueSpecification","valueRequired":true,"valueName":"search_term_string"}}],"inLanguage":"fr-FR"},{"@type":"Organization","@id":"https:\/\/www.latribunedufaso.net\/#organization","name":"La Tribune du Faso","url":"https:\/\/www.latribunedufaso.net\/","logo":{"@type":"ImageObject","inLanguage":"fr-FR","@id":"https:\/\/www.latribunedufaso.net\/#\/schema\/logo\/image\/","url":"https:\/\/www.latribunedufaso.net\/wp-content\/uploads\/2020\/08\/Logo-Tribune-du-Faso-final-scaled.jpg","contentUrl":"https:\/\/www.latribunedufaso.net\/wp-content\/uploads\/2020\/08\/Logo-Tribune-du-Faso-final-scaled.jpg","width":2560,"height":1856,"caption":"La Tribune du Faso"},"image":{"@id":"https:\/\/www.latribunedufaso.net\/#\/schema\/logo\/image\/"},"sameAs":["https:\/\/www.facebook.com\/LatribuneduFaso\/"]},{"@type":"Person","@id":"https:\/\/www.latribunedufaso.net\/#\/schema\/person\/e54e64c5778a7e72cf80a318b7a622b0","name":"Issouf Tapsoba","image":{"@type":"ImageObject","inLanguage":"fr-FR","@id":"https:\/\/secure.gravatar.com\/avatar\/5e6c05150ce3230247d167f5b94d678eb05936197436d69b7921e3a95c9107ac?s=96&d=mm&r=g","url":"https:\/\/secure.gravatar.com\/avatar\/5e6c05150ce3230247d167f5b94d678eb05936197436d69b7921e3a95c9107ac?s=96&d=mm&r=g","contentUrl":"https:\/\/secure.gravatar.com\/avatar\/5e6c05150ce3230247d167f5b94d678eb05936197436d69b7921e3a95c9107ac?s=96&d=mm&r=g","caption":"Issouf Tapsoba"},"url":"https:\/\/www.latribunedufaso.net\/?author=5"}]}},"_links":{"self":[{"href":"https:\/\/www.latribunedufaso.net\/index.php?rest_route=\/wp\/v2\/posts\/10972","targetHints":{"allow":["GET"]}}],"collection":[{"href":"https:\/\/www.latribunedufaso.net\/index.php?rest_route=\/wp\/v2\/posts"}],"about":[{"href":"https:\/\/www.latribunedufaso.net\/index.php?rest_route=\/wp\/v2\/types\/post"}],"author":[{"embeddable":true,"href":"https:\/\/www.latribunedufaso.net\/index.php?rest_route=\/wp\/v2\/users\/5"}],"replies":[{"embeddable":true,"href":"https:\/\/www.latribunedufaso.net\/index.php?rest_route=%2Fwp%2Fv2%2Fcomments&post=10972"}],"version-history":[{"count":1,"href":"https:\/\/www.latribunedufaso.net\/index.php?rest_route=\/wp\/v2\/posts\/10972\/revisions"}],"predecessor-version":[{"id":10977,"href":"https:\/\/www.latribunedufaso.net\/index.php?rest_route=\/wp\/v2\/posts\/10972\/revisions\/10977"}],"wp:featuredmedia":[{"embeddable":true,"href":"https:\/\/www.latribunedufaso.net\/index.php?rest_route=\/wp\/v2\/media\/10975"}],"wp:attachment":[{"href":"https:\/\/www.latribunedufaso.net\/index.php?rest_route=%2Fwp%2Fv2%2Fmedia&parent=10972"}],"wp:term":[{"taxonomy":"category","embeddable":true,"href":"https:\/\/www.latribunedufaso.net\/index.php?rest_route=%2Fwp%2Fv2%2Fcategories&post=10972"},{"taxonomy":"post_tag","embeddable":true,"href":"https:\/\/www.latribunedufaso.net\/index.php?rest_route=%2Fwp%2Fv2%2Ftags&post=10972"}],"curies":[{"name":"wp","href":"https:\/\/api.w.org\/{rel}","templated":true}]}}