{"id":10924,"date":"2023-12-20T13:11:37","date_gmt":"2023-12-20T13:11:37","guid":{"rendered":"https:\/\/www.latribunedufaso.net\/?p=10924"},"modified":"2023-12-21T03:12:04","modified_gmt":"2023-12-21T03:12:04","slug":"football-27-etalons-convoques-pour-la-can-2023","status":"publish","type":"post","link":"https:\/\/www.latribunedufaso.net\/?p=10924","title":{"rendered":"Football : 27 \u00e9talons convoqu\u00e9s pour la CAN 2023"},"content":{"rendered":"<p><strong><span style=\"font-size: 1.0625rem;\">Le s\u00e9lectionneur des \u00e9talons du Burkina Faso, Hubert V\u00e9lud a pr\u00e9sent\u00e9 en conf\u00e9rence de presse, ce mercredi 20 d\u00e9cembre 2023 \u00e0 Ouagadougou, la liste des \u00e9talons convoqu\u00e9s pour la Coupe d\u2019Afrique des nations (CAN) 2023 en C\u00f4te d\u2019Ivoire.<\/span><\/strong><br \/><!--more--><\/p>\n<p>Ils sont au total 27 joueurs \u00e0 prendre part \u00e0 cette \u00e9dition de la CAN. Il s\u2019agit de\u00a0<\/p>\n<p><strong>04 Gardiens de But\u00a0<\/strong><\/p>\n<p>Herv\u00e9 Koffi (<span style=\"font-size: 1.0625rem;\">RSC Charleroi, Belgique)<\/span><\/p>\n<p>Hilel Konat\u00e9 ( Ch\u00e2teauroux, France)<\/p>\n<p>Killian Niki\u00e9ma ( Ado La Haye, Pays Bas )<\/p>\n<p>S\u00e9bastien Tou ( Sabadell, Espagne)<\/p>\n<p><strong>08 D\u00e9fenseurs<\/strong>\u00a0<\/p>\n<p>Issa Kabor\u00e9 (Luton Town, Angleterre)<\/p>\n<p>Steve Yago (<span style=\"font-size: 1.0625rem;\">Aris Limassol, Chypre)<\/span><\/p>\n<p>Issouf Dayo (<span style=\"font-size: 1.0625rem;\">RS Berkane, Maroc)<\/span><\/p>\n<p>Nasser Djiga (Etoile Rouge Belgrade, Serbie)<\/p>\n<p>Edmond Tapsoba ( Bayer Leverkusen, Allemagne)<\/p>\n<p>\u00a0Adamo Nagalo (Nordsjaelland, Danemark)<\/p>\n<p>Razack Guiebr\u00e9 (Mod\u00e8ne FC, Italie)<\/p>\n<p>Valentin Nouma (FC St Eloi Lupopo, RD Congo)<\/p>\n<p><strong>07 Milieux de terrain\u00a0<\/strong><\/p>\n<p>Blati Tour\u00e9 ( Pyramids FC, Egypte)<\/p>\n<p>Adama Guira (Racing Rioja, Espagne)<\/p>\n<p>Dramane Salou (FC Urartu, Arm\u00e9nie)<\/p>\n<p>Isma\u00efla Ou\u00e9draogo (Panseraikos FC, Gr\u00e8ce)<\/p>\n<p>Sacha Bans\u00e9 (Valenciennes, France)<\/p>\n<p>Gustavo Sangar\u00e9 (Quevilly Rouen, France)<\/p>\n<p>Aziz Ki (Young Africans, Tanzanie)<\/p>\n<p><strong>08 Attaquants\u00a0<\/strong><\/p>\n<p>Bertrand Traor\u00e9 ( Aston Villa, Angleterre)<\/p>\n<p>Dango Ouattara (AFC Bournemouth, Angleterre)<\/p>\n<p>Alex Bangr\u00e9 ( Toulouse FC, France)<\/p>\n<p>Djibril Ouattara (RS Berkane, Maroc)<\/p>\n<p>Hassan Band\u00e9 (HJK Helsinki, Finlande)<\/p>\n<p>Mohamed Konat\u00e9 (Akhmat Grozny, Russie)<\/p>\n<p>Fessal Tapsoba (Amiens FC, France)<\/p>\n<p>C\u00e9dric Badolo (FC Cherif Tiraspol, Moldavie).<\/p>\n<p>Dans cette s\u00e9lection, on peut constater la pr\u00e9sence d\u2019anciens et de nouveaux. Selon Hubert V\u00e9lud, cela peut certes para\u00eetre un \u00ab amalgame \u00bb, mais lui, conna\u00eet ses hommes par c\u0153ur et a confiance en eux. \u00ab Ces joueurs que j\u2019ai convoqu\u00e9, je les connais par c\u0153ur, j\u2019ai confiance en eux. Et le pays peut faire confiance en eux \u00bb, peut-on l\u2019entendre.<\/p>\n<p><a href=\"https:\/\/www.latribunedufaso.net\/wp-content\/uploads\/2023\/12\/IMG-20231221-WA0002.jpg\"><img loading=\"lazy\" decoding=\"async\" class=\"size-medium wp-image-10926 alignleft\" src=\"https:\/\/www.latribunedufaso.net\/wp-content\/uploads\/2023\/12\/IMG-20231221-WA0002-300x291.jpg\" alt=\"\" width=\"300\" height=\"291\" srcset=\"https:\/\/www.latribunedufaso.net\/wp-content\/uploads\/2023\/12\/IMG-20231221-WA0002-300x291.jpg 300w, https:\/\/www.latribunedufaso.net\/wp-content\/uploads\/2023\/12\/IMG-20231221-WA0002-768x745.jpg 768w, https:\/\/www.latribunedufaso.net\/wp-content\/uploads\/2023\/12\/IMG-20231221-WA0002.jpg 1022w\" sizes=\"auto, (max-width: 300px) 100vw, 300px\" \/><\/a>Pour lui, son seul souci aujourd\u2019hui, c\u2019est comment optimiser son \u00e9quipe \u00ab comment arriver au top \u00e0 la CAN, physiquement et mentalement pour le premier match, le 16 janvier contre la Mauritanie \u00bb.<\/p>\n<p>Pour cela, la pr\u00e9paration des s\u00e9lectionn\u00e9s va d\u00e9j\u00e0 d\u00e9buter le 29 d\u00e9cembre 2023 et durera jusqu\u2019au 10 janvier 2024 \u00e0 Abou Dhabi, aux \u00c9mirats Arabes Unis. Le d\u00e9part est pr\u00e9vu pour le 28 d\u00e9cembre 2023.<\/p>\n<p><strong>Rosana Astride Kiendreb<span style=\"font-size: 1.0625rem;\">eogo\u00a0<\/span><\/strong><\/p>\n<p><strong>Latribunedufaso.net<\/strong><\/p>\n","protected":false},"excerpt":{"rendered":"<p>Le s\u00e9lectionneur des \u00e9talons du Burkina Faso, Hubert V\u00e9lud a pr\u00e9sent\u00e9 en conf\u00e9rence de presse, ce mercredi 20 d\u00e9cembre 2023 \u00e0 Ouagadougou, la liste des \u00e9talons convoqu\u00e9s pour la Coupe d\u2019Afrique des nations (CAN) 2023 en C\u00f4te d\u2019Ivoire.<\/p>\n","protected":false},"author":5,"featured_media":10925,"comment_status":"open","ping_status":"open","sticky":false,"template":"","format":"standard","meta":{"footnotes":""},"categories":[13,1,17],"tags":[],"class_list":["post-10924","post","type-post","status-publish","format-standard","has-post-thumbnail","hentry","category-une","category-actu","category-sport"],"yoast_head":"<!-- This site is optimized with the Yoast SEO plugin v27.5 - https:\/\/yoast.com\/product\/yoast-seo-wordpress\/ -->\n<title>Football : 27 \u00e9talons convoqu\u00e9s pour la CAN 2023 - La Tribune du Faso<\/title>\n<meta name=\"robots\" content=\"index, follow, max-snippet:-1, max-image-preview:large, max-video-preview:-1\" \/>\n<link rel=\"canonical\" href=\"https:\/\/www.latribunedufaso.net\/?p=10924\" \/>\n<meta property=\"og:locale\" content=\"fr_FR\" \/>\n<meta property=\"og:type\" content=\"article\" \/>\n<meta property=\"og:title\" content=\"Football : 27 \u00e9talons convoqu\u00e9s pour la CAN 2023 - La Tribune du Faso\" \/>\n<meta property=\"og:description\" content=\"Le s\u00e9lectionneur des \u00e9talons du Burkina Faso, Hubert V\u00e9lud a pr\u00e9sent\u00e9 en conf\u00e9rence de presse, ce mercredi 20 d\u00e9cembre 2023 \u00e0 Ouagadougou, la liste des \u00e9talons convoqu\u00e9s pour la Coupe d\u2019Afrique des nations (CAN) 2023 en C\u00f4te d\u2019Ivoire.\" \/>\n<meta property=\"og:url\" content=\"https:\/\/www.latribunedufaso.net\/?p=10924\" \/>\n<meta property=\"og:site_name\" content=\"La Tribune du Faso\" \/>\n<meta property=\"article:publisher\" content=\"https:\/\/www.facebook.com\/LatribuneduFaso\/\" \/>\n<meta property=\"article:published_time\" content=\"2023-12-20T13:11:37+00:00\" \/>\n<meta property=\"article:modified_time\" content=\"2023-12-21T03:12:04+00:00\" \/>\n<meta property=\"og:image\" content=\"https:\/\/www.latribunedufaso.net\/wp-content\/uploads\/2023\/12\/IMG-20231221-WA0001.jpg\" \/>\n\t<meta property=\"og:image:width\" content=\"1020\" \/>\n\t<meta property=\"og:image:height\" content=\"768\" \/>\n\t<meta property=\"og:image:type\" content=\"image\/jpeg\" \/>\n<meta name=\"author\" content=\"Issouf Tapsoba\" \/>\n<meta name=\"twitter:label1\" content=\"\u00c9crit par\" \/>\n\t<meta name=\"twitter:data1\" content=\"Issouf Tapsoba\" \/>\n\t<meta name=\"twitter:label2\" content=\"Dur\u00e9e de lecture estim\u00e9e\" \/>\n\t<meta name=\"twitter:data2\" content=\"2 minutes\" \/>\n<script type=\"application\/ld+json\" class=\"yoast-schema-graph\">{\"@context\":\"https:\\\/\\\/schema.org\",\"@graph\":[{\"@type\":\"Article\",\"@id\":\"https:\\\/\\\/www.latribunedufaso.net\\\/?p=10924#article\",\"isPartOf\":{\"@id\":\"https:\\\/\\\/www.latribunedufaso.net\\\/?p=10924\"},\"author\":{\"name\":\"Issouf Tapsoba\",\"@id\":\"https:\\\/\\\/www.latribunedufaso.net\\\/#\\\/schema\\\/person\\\/e54e64c5778a7e72cf80a318b7a622b0\"},\"headline\":\"Football : 27 \u00e9talons convoqu\u00e9s pour la CAN 2023\",\"datePublished\":\"2023-12-20T13:11:37+00:00\",\"dateModified\":\"2023-12-21T03:12:04+00:00\",\"mainEntityOfPage\":{\"@id\":\"https:\\\/\\\/www.latribunedufaso.net\\\/?p=10924\"},\"wordCount\":364,\"commentCount\":0,\"publisher\":{\"@id\":\"https:\\\/\\\/www.latribunedufaso.net\\\/#organization\"},\"image\":{\"@id\":\"https:\\\/\\\/www.latribunedufaso.net\\\/?p=10924#primaryimage\"},\"thumbnailUrl\":\"https:\\\/\\\/www.latribunedufaso.net\\\/wp-content\\\/uploads\\\/2023\\\/12\\\/IMG-20231221-WA0001.jpg\",\"articleSection\":[\"A la une\",\"Actualit\u00e9\",\"Sport\"],\"inLanguage\":\"fr-FR\",\"potentialAction\":[{\"@type\":\"CommentAction\",\"name\":\"Comment\",\"target\":[\"https:\\\/\\\/www.latribunedufaso.net\\\/?p=10924#respond\"]}]},{\"@type\":\"WebPage\",\"@id\":\"https:\\\/\\\/www.latribunedufaso.net\\\/?p=10924\",\"url\":\"https:\\\/\\\/www.latribunedufaso.net\\\/?p=10924\",\"name\":\"Football : 27 \u00e9talons convoqu\u00e9s pour la CAN 2023 - La Tribune du Faso\",\"isPartOf\":{\"@id\":\"https:\\\/\\\/www.latribunedufaso.net\\\/#website\"},\"primaryImageOfPage\":{\"@id\":\"https:\\\/\\\/www.latribunedufaso.net\\\/?p=10924#primaryimage\"},\"image\":{\"@id\":\"https:\\\/\\\/www.latribunedufaso.net\\\/?p=10924#primaryimage\"},\"thumbnailUrl\":\"https:\\\/\\\/www.latribunedufaso.net\\\/wp-content\\\/uploads\\\/2023\\\/12\\\/IMG-20231221-WA0001.jpg\",\"datePublished\":\"2023-12-20T13:11:37+00:00\",\"dateModified\":\"2023-12-21T03:12:04+00:00\",\"breadcrumb\":{\"@id\":\"https:\\\/\\\/www.latribunedufaso.net\\\/?p=10924#breadcrumb\"},\"inLanguage\":\"fr-FR\",\"potentialAction\":[{\"@type\":\"ReadAction\",\"target\":[\"https:\\\/\\\/www.latribunedufaso.net\\\/?p=10924\"]}]},{\"@type\":\"ImageObject\",\"inLanguage\":\"fr-FR\",\"@id\":\"https:\\\/\\\/www.latribunedufaso.net\\\/?p=10924#primaryimage\",\"url\":\"https:\\\/\\\/www.latribunedufaso.net\\\/wp-content\\\/uploads\\\/2023\\\/12\\\/IMG-20231221-WA0001.jpg\",\"contentUrl\":\"https:\\\/\\\/www.latribunedufaso.net\\\/wp-content\\\/uploads\\\/2023\\\/12\\\/IMG-20231221-WA0001.jpg\",\"width\":1020,\"height\":768},{\"@type\":\"BreadcrumbList\",\"@id\":\"https:\\\/\\\/www.latribunedufaso.net\\\/?p=10924#breadcrumb\",\"itemListElement\":[{\"@type\":\"ListItem\",\"position\":1,\"name\":\"Accueil\",\"item\":\"https:\\\/\\\/www.latribunedufaso.net\\\/\"},{\"@type\":\"ListItem\",\"position\":2,\"name\":\"Football : 27 \u00e9talons convoqu\u00e9s pour la CAN 2023\"}]},{\"@type\":\"WebSite\",\"@id\":\"https:\\\/\\\/www.latribunedufaso.net\\\/#website\",\"url\":\"https:\\\/\\\/www.latribunedufaso.net\\\/\",\"name\":\"La Tribune du Faso\",\"description\":\"L&#039;information du monde rural en un clic\",\"publisher\":{\"@id\":\"https:\\\/\\\/www.latribunedufaso.net\\\/#organization\"},\"potentialAction\":[{\"@type\":\"SearchAction\",\"target\":{\"@type\":\"EntryPoint\",\"urlTemplate\":\"https:\\\/\\\/www.latribunedufaso.net\\\/?s={search_term_string}\"},\"query-input\":{\"@type\":\"PropertyValueSpecification\",\"valueRequired\":true,\"valueName\":\"search_term_string\"}}],\"inLanguage\":\"fr-FR\"},{\"@type\":\"Organization\",\"@id\":\"https:\\\/\\\/www.latribunedufaso.net\\\/#organization\",\"name\":\"La Tribune du Faso\",\"url\":\"https:\\\/\\\/www.latribunedufaso.net\\\/\",\"logo\":{\"@type\":\"ImageObject\",\"inLanguage\":\"fr-FR\",\"@id\":\"https:\\\/\\\/www.latribunedufaso.net\\\/#\\\/schema\\\/logo\\\/image\\\/\",\"url\":\"https:\\\/\\\/www.latribunedufaso.net\\\/wp-content\\\/uploads\\\/2020\\\/08\\\/Logo-Tribune-du-Faso-final-scaled.jpg\",\"contentUrl\":\"https:\\\/\\\/www.latribunedufaso.net\\\/wp-content\\\/uploads\\\/2020\\\/08\\\/Logo-Tribune-du-Faso-final-scaled.jpg\",\"width\":2560,\"height\":1856,\"caption\":\"La Tribune du Faso\"},\"image\":{\"@id\":\"https:\\\/\\\/www.latribunedufaso.net\\\/#\\\/schema\\\/logo\\\/image\\\/\"},\"sameAs\":[\"https:\\\/\\\/www.facebook.com\\\/LatribuneduFaso\\\/\"]},{\"@type\":\"Person\",\"@id\":\"https:\\\/\\\/www.latribunedufaso.net\\\/#\\\/schema\\\/person\\\/e54e64c5778a7e72cf80a318b7a622b0\",\"name\":\"Issouf Tapsoba\",\"image\":{\"@type\":\"ImageObject\",\"inLanguage\":\"fr-FR\",\"@id\":\"https:\\\/\\\/secure.gravatar.com\\\/avatar\\\/5e6c05150ce3230247d167f5b94d678eb05936197436d69b7921e3a95c9107ac?s=96&d=mm&r=g\",\"url\":\"https:\\\/\\\/secure.gravatar.com\\\/avatar\\\/5e6c05150ce3230247d167f5b94d678eb05936197436d69b7921e3a95c9107ac?s=96&d=mm&r=g\",\"contentUrl\":\"https:\\\/\\\/secure.gravatar.com\\\/avatar\\\/5e6c05150ce3230247d167f5b94d678eb05936197436d69b7921e3a95c9107ac?s=96&d=mm&r=g\",\"caption\":\"Issouf Tapsoba\"},\"url\":\"https:\\\/\\\/www.latribunedufaso.net\\\/?author=5\"}]}<\/script>\n<!-- \/ Yoast SEO plugin. -->","yoast_head_json":{"title":"Football : 27 \u00e9talons convoqu\u00e9s pour la CAN 2023 - La Tribune du Faso","robots":{"index":"index","follow":"follow","max-snippet":"max-snippet:-1","max-image-preview":"max-image-preview:large","max-video-preview":"max-video-preview:-1"},"canonical":"https:\/\/www.latribunedufaso.net\/?p=10924","og_locale":"fr_FR","og_type":"article","og_title":"Football : 27 \u00e9talons convoqu\u00e9s pour la CAN 2023 - La Tribune du Faso","og_description":"Le s\u00e9lectionneur des \u00e9talons du Burkina Faso, Hubert V\u00e9lud a pr\u00e9sent\u00e9 en conf\u00e9rence de presse, ce mercredi 20 d\u00e9cembre 2023 \u00e0 Ouagadougou, la liste des \u00e9talons convoqu\u00e9s pour la Coupe d\u2019Afrique des nations (CAN) 2023 en C\u00f4te d\u2019Ivoire.","og_url":"https:\/\/www.latribunedufaso.net\/?p=10924","og_site_name":"La Tribune du Faso","article_publisher":"https:\/\/www.facebook.com\/LatribuneduFaso\/","article_published_time":"2023-12-20T13:11:37+00:00","article_modified_time":"2023-12-21T03:12:04+00:00","og_image":[{"width":1020,"height":768,"url":"https:\/\/www.latribunedufaso.net\/wp-content\/uploads\/2023\/12\/IMG-20231221-WA0001.jpg","type":"image\/jpeg"}],"author":"Issouf Tapsoba","twitter_misc":{"\u00c9crit par":"Issouf Tapsoba","Dur\u00e9e de lecture estim\u00e9e":"2 minutes"},"schema":{"@context":"https:\/\/schema.org","@graph":[{"@type":"Article","@id":"https:\/\/www.latribunedufaso.net\/?p=10924#article","isPartOf":{"@id":"https:\/\/www.latribunedufaso.net\/?p=10924"},"author":{"name":"Issouf Tapsoba","@id":"https:\/\/www.latribunedufaso.net\/#\/schema\/person\/e54e64c5778a7e72cf80a318b7a622b0"},"headline":"Football : 27 \u00e9talons convoqu\u00e9s pour la CAN 2023","datePublished":"2023-12-20T13:11:37+00:00","dateModified":"2023-12-21T03:12:04+00:00","mainEntityOfPage":{"@id":"https:\/\/www.latribunedufaso.net\/?p=10924"},"wordCount":364,"commentCount":0,"publisher":{"@id":"https:\/\/www.latribunedufaso.net\/#organization"},"image":{"@id":"https:\/\/www.latribunedufaso.net\/?p=10924#primaryimage"},"thumbnailUrl":"https:\/\/www.latribunedufaso.net\/wp-content\/uploads\/2023\/12\/IMG-20231221-WA0001.jpg","articleSection":["A la une","Actualit\u00e9","Sport"],"inLanguage":"fr-FR","potentialAction":[{"@type":"CommentAction","name":"Comment","target":["https:\/\/www.latribunedufaso.net\/?p=10924#respond"]}]},{"@type":"WebPage","@id":"https:\/\/www.latribunedufaso.net\/?p=10924","url":"https:\/\/www.latribunedufaso.net\/?p=10924","name":"Football : 27 \u00e9talons convoqu\u00e9s pour la CAN 2023 - La Tribune du Faso","isPartOf":{"@id":"https:\/\/www.latribunedufaso.net\/#website"},"primaryImageOfPage":{"@id":"https:\/\/www.latribunedufaso.net\/?p=10924#primaryimage"},"image":{"@id":"https:\/\/www.latribunedufaso.net\/?p=10924#primaryimage"},"thumbnailUrl":"https:\/\/www.latribunedufaso.net\/wp-content\/uploads\/2023\/12\/IMG-20231221-WA0001.jpg","datePublished":"2023-12-20T13:11:37+00:00","dateModified":"2023-12-21T03:12:04+00:00","breadcrumb":{"@id":"https:\/\/www.latribunedufaso.net\/?p=10924#breadcrumb"},"inLanguage":"fr-FR","potentialAction":[{"@type":"ReadAction","target":["https:\/\/www.latribunedufaso.net\/?p=10924"]}]},{"@type":"ImageObject","inLanguage":"fr-FR","@id":"https:\/\/www.latribunedufaso.net\/?p=10924#primaryimage","url":"https:\/\/www.latribunedufaso.net\/wp-content\/uploads\/2023\/12\/IMG-20231221-WA0001.jpg","contentUrl":"https:\/\/www.latribunedufaso.net\/wp-content\/uploads\/2023\/12\/IMG-20231221-WA0001.jpg","width":1020,"height":768},{"@type":"BreadcrumbList","@id":"https:\/\/www.latribunedufaso.net\/?p=10924#breadcrumb","itemListElement":[{"@type":"ListItem","position":1,"name":"Accueil","item":"https:\/\/www.latribunedufaso.net\/"},{"@type":"ListItem","position":2,"name":"Football : 27 \u00e9talons convoqu\u00e9s pour la CAN 2023"}]},{"@type":"WebSite","@id":"https:\/\/www.latribunedufaso.net\/#website","url":"https:\/\/www.latribunedufaso.net\/","name":"La Tribune du Faso","description":"L&#039;information du monde rural en un clic","publisher":{"@id":"https:\/\/www.latribunedufaso.net\/#organization"},"potentialAction":[{"@type":"SearchAction","target":{"@type":"EntryPoint","urlTemplate":"https:\/\/www.latribunedufaso.net\/?s={search_term_string}"},"query-input":{"@type":"PropertyValueSpecification","valueRequired":true,"valueName":"search_term_string"}}],"inLanguage":"fr-FR"},{"@type":"Organization","@id":"https:\/\/www.latribunedufaso.net\/#organization","name":"La Tribune du Faso","url":"https:\/\/www.latribunedufaso.net\/","logo":{"@type":"ImageObject","inLanguage":"fr-FR","@id":"https:\/\/www.latribunedufaso.net\/#\/schema\/logo\/image\/","url":"https:\/\/www.latribunedufaso.net\/wp-content\/uploads\/2020\/08\/Logo-Tribune-du-Faso-final-scaled.jpg","contentUrl":"https:\/\/www.latribunedufaso.net\/wp-content\/uploads\/2020\/08\/Logo-Tribune-du-Faso-final-scaled.jpg","width":2560,"height":1856,"caption":"La Tribune du Faso"},"image":{"@id":"https:\/\/www.latribunedufaso.net\/#\/schema\/logo\/image\/"},"sameAs":["https:\/\/www.facebook.com\/LatribuneduFaso\/"]},{"@type":"Person","@id":"https:\/\/www.latribunedufaso.net\/#\/schema\/person\/e54e64c5778a7e72cf80a318b7a622b0","name":"Issouf Tapsoba","image":{"@type":"ImageObject","inLanguage":"fr-FR","@id":"https:\/\/secure.gravatar.com\/avatar\/5e6c05150ce3230247d167f5b94d678eb05936197436d69b7921e3a95c9107ac?s=96&d=mm&r=g","url":"https:\/\/secure.gravatar.com\/avatar\/5e6c05150ce3230247d167f5b94d678eb05936197436d69b7921e3a95c9107ac?s=96&d=mm&r=g","contentUrl":"https:\/\/secure.gravatar.com\/avatar\/5e6c05150ce3230247d167f5b94d678eb05936197436d69b7921e3a95c9107ac?s=96&d=mm&r=g","caption":"Issouf Tapsoba"},"url":"https:\/\/www.latribunedufaso.net\/?author=5"}]}},"_links":{"self":[{"href":"https:\/\/www.latribunedufaso.net\/index.php?rest_route=\/wp\/v2\/posts\/10924","targetHints":{"allow":["GET"]}}],"collection":[{"href":"https:\/\/www.latribunedufaso.net\/index.php?rest_route=\/wp\/v2\/posts"}],"about":[{"href":"https:\/\/www.latribunedufaso.net\/index.php?rest_route=\/wp\/v2\/types\/post"}],"author":[{"embeddable":true,"href":"https:\/\/www.latribunedufaso.net\/index.php?rest_route=\/wp\/v2\/users\/5"}],"replies":[{"embeddable":true,"href":"https:\/\/www.latribunedufaso.net\/index.php?rest_route=%2Fwp%2Fv2%2Fcomments&post=10924"}],"version-history":[{"count":1,"href":"https:\/\/www.latribunedufaso.net\/index.php?rest_route=\/wp\/v2\/posts\/10924\/revisions"}],"predecessor-version":[{"id":10927,"href":"https:\/\/www.latribunedufaso.net\/index.php?rest_route=\/wp\/v2\/posts\/10924\/revisions\/10927"}],"wp:featuredmedia":[{"embeddable":true,"href":"https:\/\/www.latribunedufaso.net\/index.php?rest_route=\/wp\/v2\/media\/10925"}],"wp:attachment":[{"href":"https:\/\/www.latribunedufaso.net\/index.php?rest_route=%2Fwp%2Fv2%2Fmedia&parent=10924"}],"wp:term":[{"taxonomy":"category","embeddable":true,"href":"https:\/\/www.latribunedufaso.net\/index.php?rest_route=%2Fwp%2Fv2%2Fcategories&post=10924"},{"taxonomy":"post_tag","embeddable":true,"href":"https:\/\/www.latribunedufaso.net\/index.php?rest_route=%2Fwp%2Fv2%2Ftags&post=10924"}],"curies":[{"name":"wp","href":"https:\/\/api.w.org\/{rel}","templated":true}]}}