{"id":10910,"date":"2023-12-20T08:10:30","date_gmt":"2023-12-20T08:10:30","guid":{"rendered":"https:\/\/www.latribunedufaso.net\/?p=10910"},"modified":"2023-12-19T23:11:06","modified_gmt":"2023-12-19T23:11:06","slug":"ministere-de-leconomie-celebration-du-merite-de-282-recipiendaires","status":"publish","type":"post","link":"https:\/\/www.latribunedufaso.net\/?p=10910","title":{"rendered":"Minist\u00e8re de l\u2019Economie : C\u00e9l\u00e9bration du m\u00e9rite de 282 r\u00e9cipiendaires\u00a0"},"content":{"rendered":"<p><strong><span style=\"font-size: 1.0625rem;\">Le mardi 19 d\u00e9cembre 2023 \u00e0 Ouagadougou, le ministre de l\u2019Economie, des Finances et de la Prospective, Aboubacar Nacanabo, a pr\u00e9sid\u00e9 la c\u00e9r\u00e9monie de d\u00e9coration dans l\u2019ordre du m\u00e9rite de l\u2019\u00e9conomie et des finances et de la m\u00e9daille d\u2019honneur des douanes.\u00a0<\/span><\/strong><br \/><!--more--><\/p>\n<p>Selon le ministre Aboubacar Nacanabo, cette c\u00e9r\u00e9monie qui a lieu chaque ann\u00e9e est \u00ab une marque de reconnaissance de la nation aux travailleurs les plus m\u00e9ritants \u0153uvrant au quotidien pour relever les nombreux d\u00e9fis li\u00e9s \u00e0 l\u2019ex\u00e9cution de leur mission. \u00bb<\/p>\n<p><a href=\"https:\/\/www.latribunedufaso.net\/wp-content\/uploads\/2023\/12\/IMG-20231219-WA0113.jpg\"><img loading=\"lazy\" decoding=\"async\" class=\"size-medium wp-image-10916 alignleft\" src=\"https:\/\/www.latribunedufaso.net\/wp-content\/uploads\/2023\/12\/IMG-20231219-WA0113-300x156.jpg\" alt=\"\" width=\"300\" height=\"156\" srcset=\"https:\/\/www.latribunedufaso.net\/wp-content\/uploads\/2023\/12\/IMG-20231219-WA0113-300x156.jpg 300w, https:\/\/www.latribunedufaso.net\/wp-content\/uploads\/2023\/12\/IMG-20231219-WA0113-1024x532.jpg 1024w, https:\/\/www.latribunedufaso.net\/wp-content\/uploads\/2023\/12\/IMG-20231219-WA0113-768x399.jpg 768w, https:\/\/www.latribunedufaso.net\/wp-content\/uploads\/2023\/12\/IMG-20231219-WA0113.jpg 1092w\" sizes=\"auto, (max-width: 300px) 100vw, 300px\" \/><\/a>Au total, ce sont les m\u00e9rites de 282 r\u00e9cipiendaires dont 38 dans l\u2019Ordre de l\u2019\u00e9talon, 64 dans l\u2019Ordre du m\u00e9rite burkinab\u00e8, 145 dans l\u2019Ordre du m\u00e9rite de l\u2019\u00e9conomie et des finances et 35 pour la M\u00e9daille d\u2019honneur des douanes qui ont \u00e9t\u00e9 reconnus ce jour.<\/p>\n<p><a href=\"https:\/\/www.latribunedufaso.net\/wp-content\/uploads\/2023\/12\/IMG-20231219-WA0111.jpg\"><img loading=\"lazy\" decoding=\"async\" class=\"size-medium wp-image-10911 alignleft\" src=\"https:\/\/www.latribunedufaso.net\/wp-content\/uploads\/2023\/12\/IMG-20231219-WA0111-300x135.jpg\" alt=\"\" width=\"300\" height=\"135\" srcset=\"https:\/\/www.latribunedufaso.net\/wp-content\/uploads\/2023\/12\/IMG-20231219-WA0111-300x135.jpg 300w, https:\/\/www.latribunedufaso.net\/wp-content\/uploads\/2023\/12\/IMG-20231219-WA0111-1024x461.jpg 1024w, https:\/\/www.latribunedufaso.net\/wp-content\/uploads\/2023\/12\/IMG-20231219-WA0111-768x346.jpg 768w, https:\/\/www.latribunedufaso.net\/wp-content\/uploads\/2023\/12\/IMG-20231219-WA0111.jpg 1280w\" sizes=\"auto, (max-width: 300px) 100vw, 300px\" \/><\/a>Au rang des associations r\u00e9cipiendaires, figure l\u2019association Promo-Monde rural. Selon la repr\u00e9sentante, la directrice ex\u00e9cutive de ladite association, Aminata Bonkoungou, \u00ab c\u2019est une joie totale pour cette reconnaissance \u00bb. Elle dit avoir re\u00e7u le m\u00e9rite de chevalier de l\u2019ordre de l\u2019\u00e9talon et remercie les autorit\u00e9s pour l\u2019honneur.<\/p>\n<p><a href=\"https:\/\/www.latribunedufaso.net\/wp-content\/uploads\/2023\/12\/IMG-20231219-WA0110.jpg\"><img loading=\"lazy\" decoding=\"async\" class=\"size-medium wp-image-10912 alignleft\" src=\"https:\/\/www.latribunedufaso.net\/wp-content\/uploads\/2023\/12\/IMG-20231219-WA0110-300x270.jpg\" alt=\"\" width=\"300\" height=\"270\" srcset=\"https:\/\/www.latribunedufaso.net\/wp-content\/uploads\/2023\/12\/IMG-20231219-WA0110-300x270.jpg 300w, https:\/\/www.latribunedufaso.net\/wp-content\/uploads\/2023\/12\/IMG-20231219-WA0110-1024x920.jpg 1024w, https:\/\/www.latribunedufaso.net\/wp-content\/uploads\/2023\/12\/IMG-20231219-WA0110-768x690.jpg 768w, https:\/\/www.latribunedufaso.net\/wp-content\/uploads\/2023\/12\/IMG-20231219-WA0110.jpg 1242w\" sizes=\"auto, (max-width: 300px) 100vw, 300px\" \/><\/a>\u00ab Je suis tr\u00e8s content et je remercie tous les collaborateurs, ceux avec qui j\u2019ai eu \u00e0 travailler, ma famille. C\u2019est un m\u00e9rite apr\u00e8s 30 ans de service \u00bb, t\u00e9moigne l\u2019assistant des douanes Soungalo Ouattara.\u00a0<\/p>\n<p><a href=\"https:\/\/www.latribunedufaso.net\/wp-content\/uploads\/2023\/12\/IMG-20231219-WA0109.jpg\"><img loading=\"lazy\" decoding=\"async\" class=\"size-medium wp-image-10913 alignleft\" src=\"https:\/\/www.latribunedufaso.net\/wp-content\/uploads\/2023\/12\/IMG-20231219-WA0109-300x135.jpg\" alt=\"\" width=\"300\" height=\"135\" srcset=\"https:\/\/www.latribunedufaso.net\/wp-content\/uploads\/2023\/12\/IMG-20231219-WA0109-300x135.jpg 300w, https:\/\/www.latribunedufaso.net\/wp-content\/uploads\/2023\/12\/IMG-20231219-WA0109-1024x461.jpg 1024w, https:\/\/www.latribunedufaso.net\/wp-content\/uploads\/2023\/12\/IMG-20231219-WA0109-768x346.jpg 768w, https:\/\/www.latribunedufaso.net\/wp-content\/uploads\/2023\/12\/IMG-20231219-WA0109.jpg 1280w\" sizes=\"auto, (max-width: 300px) 100vw, 300px\" \/><\/a>Selon F\u00e9licit\u00e9 Traor\u00e9\/Ouattara de l\u2019\u00e9cole nationale des r\u00e9gies financi\u00e8res \u00ab c\u2019est un sentiment de joie qui l\u2019anime parce que son travail a \u00e9t\u00e9 appr\u00e9ci\u00e9 aujourd\u2019hui. A \u00e9couter la r\u00e9cipiendaire, elle a re\u00e7u l\u2019ordre de m\u00e9rite de l\u2019Economie et des Finances avec agrafe finance.<\/p>\n<p>Le ministre, Dr Aboubacar Nacanabo, dit \u00eatre \u00ab tr\u00e8s combl\u00e9, face \u00e0 autant d\u2019engagement du personnel qui se tient devant lui \u00bb. A l\u2019\u00e9couter, il est fi\u00e8re de les avoir comme collaborateurs et r\u00e9affirme son enti\u00e8re et totale confiance pour aller \u00e0 l\u2019assaut des autres combats que l\u2019administration doit livrer dans ce contexte.<\/p>\n<p><a href=\"https:\/\/www.latribunedufaso.net\/wp-content\/uploads\/2023\/12\/IMG-20231219-WA0108.jpg\"><img loading=\"lazy\" decoding=\"async\" class=\"size-medium wp-image-10914 alignleft\" src=\"https:\/\/www.latribunedufaso.net\/wp-content\/uploads\/2023\/12\/IMG-20231219-WA0108-300x190.jpg\" alt=\"\" width=\"300\" height=\"190\" srcset=\"https:\/\/www.latribunedufaso.net\/wp-content\/uploads\/2023\/12\/IMG-20231219-WA0108-300x190.jpg 300w, https:\/\/www.latribunedufaso.net\/wp-content\/uploads\/2023\/12\/IMG-20231219-WA0108-1024x648.jpg 1024w, https:\/\/www.latribunedufaso.net\/wp-content\/uploads\/2023\/12\/IMG-20231219-WA0108-768x486.jpg 768w, https:\/\/www.latribunedufaso.net\/wp-content\/uploads\/2023\/12\/IMG-20231219-WA0108.jpg 1280w\" sizes=\"auto, (max-width: 300px) 100vw, 300px\" \/><\/a>\u00ab Je vous invite \u00e0 rester mobilis\u00e9s pour que dans la compl\u00e9mentarit\u00e9 de nos profils et actions nous puissions ensemble consolider la dynamique en cours pour le rayonnement du minist\u00e8re de l\u2019Economie, des Finances et de la Prospective \u00bb, a-t-il ajout\u00e9 le ministre \u00e0 l\u2019endroit des r\u00e9cipiendaires.<\/p>\n<p><strong>Nabintou Ouattara (stagiaire)<\/strong><\/p>\n<p><strong><span style=\"font-size: 1.0625rem;\">Latribunedufaso.net<a href=\"https:\/\/www.latribunedufaso.net\/wp-content\/uploads\/2023\/12\/IMG-20231219-WA0114.jpg\"><img loading=\"lazy\" decoding=\"async\" class=\"size-medium wp-image-10915 alignleft\" src=\"https:\/\/www.latribunedufaso.net\/wp-content\/uploads\/2023\/12\/IMG-20231219-WA0114-300x136.jpg\" alt=\"\" width=\"300\" height=\"136\" srcset=\"https:\/\/www.latribunedufaso.net\/wp-content\/uploads\/2023\/12\/IMG-20231219-WA0114-300x136.jpg 300w, https:\/\/www.latribunedufaso.net\/wp-content\/uploads\/2023\/12\/IMG-20231219-WA0114-1024x465.jpg 1024w, https:\/\/www.latribunedufaso.net\/wp-content\/uploads\/2023\/12\/IMG-20231219-WA0114-768x349.jpg 768w, https:\/\/www.latribunedufaso.net\/wp-content\/uploads\/2023\/12\/IMG-20231219-WA0114.jpg 1280w\" sizes=\"auto, (max-width: 300px) 100vw, 300px\" \/><\/a><\/span><\/strong><\/p>\n","protected":false},"excerpt":{"rendered":"<p>Le mardi 19 d\u00e9cembre 2023 \u00e0 Ouagadougou, le ministre de l\u2019Economie, des Finances et de la Prospective, Aboubacar Nacanabo, a pr\u00e9sid\u00e9 la c\u00e9r\u00e9monie de d\u00e9coration dans l\u2019ordre du m\u00e9rite de l\u2019\u00e9conomie et des finances et de la m\u00e9daille d\u2019honneur des douanes.\u00a0<\/p>\n","protected":false},"author":5,"featured_media":10917,"comment_status":"open","ping_status":"open","sticky":false,"template":"","format":"standard","meta":{"footnotes":""},"categories":[13,1,10],"tags":[],"class_list":["post-10910","post","type-post","status-publish","format-standard","has-post-thumbnail","hentry","category-une","category-actu","category-eco"],"yoast_head":"<!-- This site is optimized with the Yoast SEO plugin v27.4 - https:\/\/yoast.com\/product\/yoast-seo-wordpress\/ -->\n<title>Minist\u00e8re de l\u2019Economie : C\u00e9l\u00e9bration du m\u00e9rite de 282 r\u00e9cipiendaires\u00a0 - La Tribune du Faso<\/title>\n<meta name=\"robots\" content=\"index, follow, max-snippet:-1, max-image-preview:large, max-video-preview:-1\" \/>\n<link rel=\"canonical\" href=\"https:\/\/www.latribunedufaso.net\/?p=10910\" \/>\n<meta property=\"og:locale\" content=\"fr_FR\" \/>\n<meta property=\"og:type\" content=\"article\" \/>\n<meta property=\"og:title\" content=\"Minist\u00e8re de l\u2019Economie : C\u00e9l\u00e9bration du m\u00e9rite de 282 r\u00e9cipiendaires\u00a0 - La Tribune du Faso\" \/>\n<meta property=\"og:description\" content=\"Le mardi 19 d\u00e9cembre 2023 \u00e0 Ouagadougou, le ministre de l\u2019Economie, des Finances et de la Prospective, Aboubacar Nacanabo, a pr\u00e9sid\u00e9 la c\u00e9r\u00e9monie de d\u00e9coration dans l\u2019ordre du m\u00e9rite de l\u2019\u00e9conomie et des finances et de la m\u00e9daille d\u2019honneur des douanes.\u00a0\" \/>\n<meta property=\"og:url\" content=\"https:\/\/www.latribunedufaso.net\/?p=10910\" \/>\n<meta property=\"og:site_name\" content=\"La Tribune du Faso\" \/>\n<meta property=\"article:publisher\" content=\"https:\/\/www.facebook.com\/LatribuneduFaso\/\" \/>\n<meta property=\"article:published_time\" content=\"2023-12-20T08:10:30+00:00\" \/>\n<meta property=\"og:image\" content=\"https:\/\/www.latribunedufaso.net\/wp-content\/uploads\/2023\/12\/IMG-20231219-WA0112.jpg\" \/>\n\t<meta property=\"og:image:width\" content=\"1080\" \/>\n\t<meta property=\"og:image:height\" content=\"758\" \/>\n\t<meta property=\"og:image:type\" content=\"image\/jpeg\" \/>\n<meta name=\"author\" content=\"Issouf Tapsoba\" \/>\n<meta name=\"twitter:label1\" content=\"\u00c9crit par\" \/>\n\t<meta name=\"twitter:data1\" content=\"Issouf Tapsoba\" \/>\n\t<meta name=\"twitter:label2\" content=\"Dur\u00e9e de lecture estim\u00e9e\" \/>\n\t<meta name=\"twitter:data2\" content=\"2 minutes\" \/>\n<script type=\"application\/ld+json\" class=\"yoast-schema-graph\">{\"@context\":\"https:\\\/\\\/schema.org\",\"@graph\":[{\"@type\":\"Article\",\"@id\":\"https:\\\/\\\/www.latribunedufaso.net\\\/?p=10910#article\",\"isPartOf\":{\"@id\":\"https:\\\/\\\/www.latribunedufaso.net\\\/?p=10910\"},\"author\":{\"name\":\"Issouf Tapsoba\",\"@id\":\"https:\\\/\\\/www.latribunedufaso.net\\\/#\\\/schema\\\/person\\\/e54e64c5778a7e72cf80a318b7a622b0\"},\"headline\":\"Minist\u00e8re de l\u2019Economie : C\u00e9l\u00e9bration du m\u00e9rite de 282 r\u00e9cipiendaires\u00a0\",\"datePublished\":\"2023-12-20T08:10:30+00:00\",\"mainEntityOfPage\":{\"@id\":\"https:\\\/\\\/www.latribunedufaso.net\\\/?p=10910\"},\"wordCount\":421,\"commentCount\":0,\"publisher\":{\"@id\":\"https:\\\/\\\/www.latribunedufaso.net\\\/#organization\"},\"image\":{\"@id\":\"https:\\\/\\\/www.latribunedufaso.net\\\/?p=10910#primaryimage\"},\"thumbnailUrl\":\"https:\\\/\\\/www.latribunedufaso.net\\\/wp-content\\\/uploads\\\/2023\\\/12\\\/IMG-20231219-WA0112.jpg\",\"articleSection\":[\"A la une\",\"Actualit\u00e9\",\"Economie\"],\"inLanguage\":\"fr-FR\",\"potentialAction\":[{\"@type\":\"CommentAction\",\"name\":\"Comment\",\"target\":[\"https:\\\/\\\/www.latribunedufaso.net\\\/?p=10910#respond\"]}]},{\"@type\":\"WebPage\",\"@id\":\"https:\\\/\\\/www.latribunedufaso.net\\\/?p=10910\",\"url\":\"https:\\\/\\\/www.latribunedufaso.net\\\/?p=10910\",\"name\":\"Minist\u00e8re de l\u2019Economie : C\u00e9l\u00e9bration du m\u00e9rite de 282 r\u00e9cipiendaires\u00a0 - La Tribune du Faso\",\"isPartOf\":{\"@id\":\"https:\\\/\\\/www.latribunedufaso.net\\\/#website\"},\"primaryImageOfPage\":{\"@id\":\"https:\\\/\\\/www.latribunedufaso.net\\\/?p=10910#primaryimage\"},\"image\":{\"@id\":\"https:\\\/\\\/www.latribunedufaso.net\\\/?p=10910#primaryimage\"},\"thumbnailUrl\":\"https:\\\/\\\/www.latribunedufaso.net\\\/wp-content\\\/uploads\\\/2023\\\/12\\\/IMG-20231219-WA0112.jpg\",\"datePublished\":\"2023-12-20T08:10:30+00:00\",\"breadcrumb\":{\"@id\":\"https:\\\/\\\/www.latribunedufaso.net\\\/?p=10910#breadcrumb\"},\"inLanguage\":\"fr-FR\",\"potentialAction\":[{\"@type\":\"ReadAction\",\"target\":[\"https:\\\/\\\/www.latribunedufaso.net\\\/?p=10910\"]}]},{\"@type\":\"ImageObject\",\"inLanguage\":\"fr-FR\",\"@id\":\"https:\\\/\\\/www.latribunedufaso.net\\\/?p=10910#primaryimage\",\"url\":\"https:\\\/\\\/www.latribunedufaso.net\\\/wp-content\\\/uploads\\\/2023\\\/12\\\/IMG-20231219-WA0112.jpg\",\"contentUrl\":\"https:\\\/\\\/www.latribunedufaso.net\\\/wp-content\\\/uploads\\\/2023\\\/12\\\/IMG-20231219-WA0112.jpg\",\"width\":1080,\"height\":758},{\"@type\":\"BreadcrumbList\",\"@id\":\"https:\\\/\\\/www.latribunedufaso.net\\\/?p=10910#breadcrumb\",\"itemListElement\":[{\"@type\":\"ListItem\",\"position\":1,\"name\":\"Accueil\",\"item\":\"https:\\\/\\\/www.latribunedufaso.net\\\/\"},{\"@type\":\"ListItem\",\"position\":2,\"name\":\"Minist\u00e8re de l\u2019Economie : C\u00e9l\u00e9bration du m\u00e9rite de 282 r\u00e9cipiendaires\u00a0\"}]},{\"@type\":\"WebSite\",\"@id\":\"https:\\\/\\\/www.latribunedufaso.net\\\/#website\",\"url\":\"https:\\\/\\\/www.latribunedufaso.net\\\/\",\"name\":\"La Tribune du Faso\",\"description\":\"L&#039;information du monde rural en un clic\",\"publisher\":{\"@id\":\"https:\\\/\\\/www.latribunedufaso.net\\\/#organization\"},\"potentialAction\":[{\"@type\":\"SearchAction\",\"target\":{\"@type\":\"EntryPoint\",\"urlTemplate\":\"https:\\\/\\\/www.latribunedufaso.net\\\/?s={search_term_string}\"},\"query-input\":{\"@type\":\"PropertyValueSpecification\",\"valueRequired\":true,\"valueName\":\"search_term_string\"}}],\"inLanguage\":\"fr-FR\"},{\"@type\":\"Organization\",\"@id\":\"https:\\\/\\\/www.latribunedufaso.net\\\/#organization\",\"name\":\"La Tribune du Faso\",\"url\":\"https:\\\/\\\/www.latribunedufaso.net\\\/\",\"logo\":{\"@type\":\"ImageObject\",\"inLanguage\":\"fr-FR\",\"@id\":\"https:\\\/\\\/www.latribunedufaso.net\\\/#\\\/schema\\\/logo\\\/image\\\/\",\"url\":\"https:\\\/\\\/www.latribunedufaso.net\\\/wp-content\\\/uploads\\\/2020\\\/08\\\/Logo-Tribune-du-Faso-final-scaled.jpg\",\"contentUrl\":\"https:\\\/\\\/www.latribunedufaso.net\\\/wp-content\\\/uploads\\\/2020\\\/08\\\/Logo-Tribune-du-Faso-final-scaled.jpg\",\"width\":2560,\"height\":1856,\"caption\":\"La Tribune du Faso\"},\"image\":{\"@id\":\"https:\\\/\\\/www.latribunedufaso.net\\\/#\\\/schema\\\/logo\\\/image\\\/\"},\"sameAs\":[\"https:\\\/\\\/www.facebook.com\\\/LatribuneduFaso\\\/\"]},{\"@type\":\"Person\",\"@id\":\"https:\\\/\\\/www.latribunedufaso.net\\\/#\\\/schema\\\/person\\\/e54e64c5778a7e72cf80a318b7a622b0\",\"name\":\"Issouf Tapsoba\",\"image\":{\"@type\":\"ImageObject\",\"inLanguage\":\"fr-FR\",\"@id\":\"https:\\\/\\\/secure.gravatar.com\\\/avatar\\\/5e6c05150ce3230247d167f5b94d678eb05936197436d69b7921e3a95c9107ac?s=96&d=mm&r=g\",\"url\":\"https:\\\/\\\/secure.gravatar.com\\\/avatar\\\/5e6c05150ce3230247d167f5b94d678eb05936197436d69b7921e3a95c9107ac?s=96&d=mm&r=g\",\"contentUrl\":\"https:\\\/\\\/secure.gravatar.com\\\/avatar\\\/5e6c05150ce3230247d167f5b94d678eb05936197436d69b7921e3a95c9107ac?s=96&d=mm&r=g\",\"caption\":\"Issouf Tapsoba\"},\"url\":\"https:\\\/\\\/www.latribunedufaso.net\\\/?author=5\"}]}<\/script>\n<!-- \/ Yoast SEO plugin. -->","yoast_head_json":{"title":"Minist\u00e8re de l\u2019Economie : C\u00e9l\u00e9bration du m\u00e9rite de 282 r\u00e9cipiendaires\u00a0 - La Tribune du Faso","robots":{"index":"index","follow":"follow","max-snippet":"max-snippet:-1","max-image-preview":"max-image-preview:large","max-video-preview":"max-video-preview:-1"},"canonical":"https:\/\/www.latribunedufaso.net\/?p=10910","og_locale":"fr_FR","og_type":"article","og_title":"Minist\u00e8re de l\u2019Economie : C\u00e9l\u00e9bration du m\u00e9rite de 282 r\u00e9cipiendaires\u00a0 - La Tribune du Faso","og_description":"Le mardi 19 d\u00e9cembre 2023 \u00e0 Ouagadougou, le ministre de l\u2019Economie, des Finances et de la Prospective, Aboubacar Nacanabo, a pr\u00e9sid\u00e9 la c\u00e9r\u00e9monie de d\u00e9coration dans l\u2019ordre du m\u00e9rite de l\u2019\u00e9conomie et des finances et de la m\u00e9daille d\u2019honneur des douanes.\u00a0","og_url":"https:\/\/www.latribunedufaso.net\/?p=10910","og_site_name":"La Tribune du Faso","article_publisher":"https:\/\/www.facebook.com\/LatribuneduFaso\/","article_published_time":"2023-12-20T08:10:30+00:00","og_image":[{"width":1080,"height":758,"url":"https:\/\/www.latribunedufaso.net\/wp-content\/uploads\/2023\/12\/IMG-20231219-WA0112.jpg","type":"image\/jpeg"}],"author":"Issouf Tapsoba","twitter_misc":{"\u00c9crit par":"Issouf Tapsoba","Dur\u00e9e de lecture estim\u00e9e":"2 minutes"},"schema":{"@context":"https:\/\/schema.org","@graph":[{"@type":"Article","@id":"https:\/\/www.latribunedufaso.net\/?p=10910#article","isPartOf":{"@id":"https:\/\/www.latribunedufaso.net\/?p=10910"},"author":{"name":"Issouf Tapsoba","@id":"https:\/\/www.latribunedufaso.net\/#\/schema\/person\/e54e64c5778a7e72cf80a318b7a622b0"},"headline":"Minist\u00e8re de l\u2019Economie : C\u00e9l\u00e9bration du m\u00e9rite de 282 r\u00e9cipiendaires\u00a0","datePublished":"2023-12-20T08:10:30+00:00","mainEntityOfPage":{"@id":"https:\/\/www.latribunedufaso.net\/?p=10910"},"wordCount":421,"commentCount":0,"publisher":{"@id":"https:\/\/www.latribunedufaso.net\/#organization"},"image":{"@id":"https:\/\/www.latribunedufaso.net\/?p=10910#primaryimage"},"thumbnailUrl":"https:\/\/www.latribunedufaso.net\/wp-content\/uploads\/2023\/12\/IMG-20231219-WA0112.jpg","articleSection":["A la une","Actualit\u00e9","Economie"],"inLanguage":"fr-FR","potentialAction":[{"@type":"CommentAction","name":"Comment","target":["https:\/\/www.latribunedufaso.net\/?p=10910#respond"]}]},{"@type":"WebPage","@id":"https:\/\/www.latribunedufaso.net\/?p=10910","url":"https:\/\/www.latribunedufaso.net\/?p=10910","name":"Minist\u00e8re de l\u2019Economie : C\u00e9l\u00e9bration du m\u00e9rite de 282 r\u00e9cipiendaires\u00a0 - La Tribune du Faso","isPartOf":{"@id":"https:\/\/www.latribunedufaso.net\/#website"},"primaryImageOfPage":{"@id":"https:\/\/www.latribunedufaso.net\/?p=10910#primaryimage"},"image":{"@id":"https:\/\/www.latribunedufaso.net\/?p=10910#primaryimage"},"thumbnailUrl":"https:\/\/www.latribunedufaso.net\/wp-content\/uploads\/2023\/12\/IMG-20231219-WA0112.jpg","datePublished":"2023-12-20T08:10:30+00:00","breadcrumb":{"@id":"https:\/\/www.latribunedufaso.net\/?p=10910#breadcrumb"},"inLanguage":"fr-FR","potentialAction":[{"@type":"ReadAction","target":["https:\/\/www.latribunedufaso.net\/?p=10910"]}]},{"@type":"ImageObject","inLanguage":"fr-FR","@id":"https:\/\/www.latribunedufaso.net\/?p=10910#primaryimage","url":"https:\/\/www.latribunedufaso.net\/wp-content\/uploads\/2023\/12\/IMG-20231219-WA0112.jpg","contentUrl":"https:\/\/www.latribunedufaso.net\/wp-content\/uploads\/2023\/12\/IMG-20231219-WA0112.jpg","width":1080,"height":758},{"@type":"BreadcrumbList","@id":"https:\/\/www.latribunedufaso.net\/?p=10910#breadcrumb","itemListElement":[{"@type":"ListItem","position":1,"name":"Accueil","item":"https:\/\/www.latribunedufaso.net\/"},{"@type":"ListItem","position":2,"name":"Minist\u00e8re de l\u2019Economie : C\u00e9l\u00e9bration du m\u00e9rite de 282 r\u00e9cipiendaires\u00a0"}]},{"@type":"WebSite","@id":"https:\/\/www.latribunedufaso.net\/#website","url":"https:\/\/www.latribunedufaso.net\/","name":"La Tribune du Faso","description":"L&#039;information du monde rural en un clic","publisher":{"@id":"https:\/\/www.latribunedufaso.net\/#organization"},"potentialAction":[{"@type":"SearchAction","target":{"@type":"EntryPoint","urlTemplate":"https:\/\/www.latribunedufaso.net\/?s={search_term_string}"},"query-input":{"@type":"PropertyValueSpecification","valueRequired":true,"valueName":"search_term_string"}}],"inLanguage":"fr-FR"},{"@type":"Organization","@id":"https:\/\/www.latribunedufaso.net\/#organization","name":"La Tribune du Faso","url":"https:\/\/www.latribunedufaso.net\/","logo":{"@type":"ImageObject","inLanguage":"fr-FR","@id":"https:\/\/www.latribunedufaso.net\/#\/schema\/logo\/image\/","url":"https:\/\/www.latribunedufaso.net\/wp-content\/uploads\/2020\/08\/Logo-Tribune-du-Faso-final-scaled.jpg","contentUrl":"https:\/\/www.latribunedufaso.net\/wp-content\/uploads\/2020\/08\/Logo-Tribune-du-Faso-final-scaled.jpg","width":2560,"height":1856,"caption":"La Tribune du Faso"},"image":{"@id":"https:\/\/www.latribunedufaso.net\/#\/schema\/logo\/image\/"},"sameAs":["https:\/\/www.facebook.com\/LatribuneduFaso\/"]},{"@type":"Person","@id":"https:\/\/www.latribunedufaso.net\/#\/schema\/person\/e54e64c5778a7e72cf80a318b7a622b0","name":"Issouf Tapsoba","image":{"@type":"ImageObject","inLanguage":"fr-FR","@id":"https:\/\/secure.gravatar.com\/avatar\/5e6c05150ce3230247d167f5b94d678eb05936197436d69b7921e3a95c9107ac?s=96&d=mm&r=g","url":"https:\/\/secure.gravatar.com\/avatar\/5e6c05150ce3230247d167f5b94d678eb05936197436d69b7921e3a95c9107ac?s=96&d=mm&r=g","contentUrl":"https:\/\/secure.gravatar.com\/avatar\/5e6c05150ce3230247d167f5b94d678eb05936197436d69b7921e3a95c9107ac?s=96&d=mm&r=g","caption":"Issouf Tapsoba"},"url":"https:\/\/www.latribunedufaso.net\/?author=5"}]}},"_links":{"self":[{"href":"https:\/\/www.latribunedufaso.net\/index.php?rest_route=\/wp\/v2\/posts\/10910","targetHints":{"allow":["GET"]}}],"collection":[{"href":"https:\/\/www.latribunedufaso.net\/index.php?rest_route=\/wp\/v2\/posts"}],"about":[{"href":"https:\/\/www.latribunedufaso.net\/index.php?rest_route=\/wp\/v2\/types\/post"}],"author":[{"embeddable":true,"href":"https:\/\/www.latribunedufaso.net\/index.php?rest_route=\/wp\/v2\/users\/5"}],"replies":[{"embeddable":true,"href":"https:\/\/www.latribunedufaso.net\/index.php?rest_route=%2Fwp%2Fv2%2Fcomments&post=10910"}],"version-history":[{"count":1,"href":"https:\/\/www.latribunedufaso.net\/index.php?rest_route=\/wp\/v2\/posts\/10910\/revisions"}],"predecessor-version":[{"id":10918,"href":"https:\/\/www.latribunedufaso.net\/index.php?rest_route=\/wp\/v2\/posts\/10910\/revisions\/10918"}],"wp:featuredmedia":[{"embeddable":true,"href":"https:\/\/www.latribunedufaso.net\/index.php?rest_route=\/wp\/v2\/media\/10917"}],"wp:attachment":[{"href":"https:\/\/www.latribunedufaso.net\/index.php?rest_route=%2Fwp%2Fv2%2Fmedia&parent=10910"}],"wp:term":[{"taxonomy":"category","embeddable":true,"href":"https:\/\/www.latribunedufaso.net\/index.php?rest_route=%2Fwp%2Fv2%2Fcategories&post=10910"},{"taxonomy":"post_tag","embeddable":true,"href":"https:\/\/www.latribunedufaso.net\/index.php?rest_route=%2Fwp%2Fv2%2Ftags&post=10910"}],"curies":[{"name":"wp","href":"https:\/\/api.w.org\/{rel}","templated":true}]}}