{"id":10857,"date":"2023-12-16T10:31:54","date_gmt":"2023-12-16T10:31:54","guid":{"rendered":"https:\/\/www.latribunedufaso.net\/?p=10857"},"modified":"2023-12-16T10:31:54","modified_gmt":"2023-12-16T10:31:54","slug":"35eme-session-ordinaire-du-cipres-les-acteurs-reflechissent-lamelioration-des-conditions-de-vie-des-travailleurs","status":"publish","type":"post","link":"https:\/\/www.latribunedufaso.net\/?p=10857","title":{"rendered":"35\u00e8me session ordinaire du CIPRES : Les acteurs r\u00e9fl\u00e9chissent l&rsquo;am\u00e9lioration des conditions de vie des travailleurs"},"content":{"rendered":"<p><strong><span style=\"font-size: 1.0625rem;\">Le premier ministre, Apollinaire Kelyem de Tamb\u00e8la a pr\u00e9sid\u00e9 la 35\u00e8me session ordinaire du Conseil des ministres de la conf\u00e9rence inter-Africaine de la pr\u00e9voyance sociale (CIPRES) le vendredi 15 d\u00e9cembre 2023 \u00e0 Ouagadougou.\u00a0<\/span><\/strong><br \/><!--more--><\/p>\n<p>La pr\u00e9sente session est le lieu de renforcer l\u2019ensemble des mesures politiques qui ont \u00e9t\u00e9 prises dans le cadre de la pr\u00e9voyance sociale. Elle regroupe des techniciens et des d\u00e9cideurs de la pr\u00e9voyance sociale qui contribueront \u00e0 \u00ab booster \u00bb les bonnes pratiques dans le monde de la protection sociale .<\/p>\n<p>A \u00e9couter le premier ministre, Joachimson Ky\u00e9lem de Tamb\u00e8la, la protection sociale est indispensable pour toute soci\u00e9t\u00e9 moderne soucieuse de mettre en pratique les valeurs d\u2019\u00e9quit\u00e9 et de solidarit\u00e9.<\/p>\n<p><a href=\"https:\/\/www.latribunedufaso.net\/wp-content\/uploads\/2023\/12\/IMG-20231216-WA0009.jpg\"><img loading=\"lazy\" decoding=\"async\" class=\"size-medium wp-image-10861 alignleft\" src=\"https:\/\/www.latribunedufaso.net\/wp-content\/uploads\/2023\/12\/IMG-20231216-WA0009-300x169.jpg\" alt=\"\" width=\"300\" height=\"169\" srcset=\"https:\/\/www.latribunedufaso.net\/wp-content\/uploads\/2023\/12\/IMG-20231216-WA0009-300x169.jpg 300w, https:\/\/www.latribunedufaso.net\/wp-content\/uploads\/2023\/12\/IMG-20231216-WA0009-768x432.jpg 768w, https:\/\/www.latribunedufaso.net\/wp-content\/uploads\/2023\/12\/IMG-20231216-WA0009.jpg 1000w\" sizes=\"auto, (max-width: 300px) 100vw, 300px\" \/><\/a>Pour lui, elle est plus qu\u2019une urgence dans ce contexte national. En effet, avec un nombre \u00e9lev\u00e9 de d\u00e9plac\u00e9s internes, de pertes en vies humaines, le besoin d\u2019agir ensemble contre les \u00ab vicissitudes \u00bb de la vie s\u2019impose particuli\u00e8rement au Burkina Faso.\u00a0<\/p>\n<p>A ce effet, il affirme que des efforts sont d\u00e9j\u00e0 consentis au plan national avec la cr\u00e9ation des r\u00e9gimes d\u2019assurance maladie au profit des civils et des militaires en plus de l\u2019effectivit\u00e9 des caisses de retraite et de s\u00e9curit\u00e9 sociale des travailleurs du public et du priv\u00e9.<\/p>\n<p>Le pr\u00e9sident de cette c\u00e9r\u00e9monie d\u2019ouverture de la 35\u00e8me session ordinaire du CIPRES, Ky\u00e9lem de Tamb\u00e8la est par ailleurs convaincu que les d\u00e9cisions qui sortiront des travaux vont permettre aux divers pays membres de l\u2019espace CIPRES d\u2019impacter positivement toutes les sph\u00e8res de la vie des populations africaines pour une vraie garantie de la dignit\u00e9 humaine.<\/p>\n<p><a href=\"https:\/\/www.latribunedufaso.net\/wp-content\/uploads\/2023\/12\/IMG-20231216-WA0010.jpg\"><img loading=\"lazy\" decoding=\"async\" class=\"size-medium wp-image-10862 alignleft\" src=\"https:\/\/www.latribunedufaso.net\/wp-content\/uploads\/2023\/12\/IMG-20231216-WA0010-300x132.jpg\" alt=\"\" width=\"300\" height=\"132\" srcset=\"https:\/\/www.latribunedufaso.net\/wp-content\/uploads\/2023\/12\/IMG-20231216-WA0010-300x132.jpg 300w, https:\/\/www.latribunedufaso.net\/wp-content\/uploads\/2023\/12\/IMG-20231216-WA0010-1024x449.jpg 1024w, https:\/\/www.latribunedufaso.net\/wp-content\/uploads\/2023\/12\/IMG-20231216-WA0010-768x337.jpg 768w, https:\/\/www.latribunedufaso.net\/wp-content\/uploads\/2023\/12\/IMG-20231216-WA0010.jpg 1080w\" sizes=\"auto, (max-width: 300px) 100vw, 300px\" \/><\/a>S\u2019agissant du ministre de la fonction publique, Bassolma Bazi\u00e9, dans son discours, lu par son Directeur de cabinet, Mohamed Savadogo, il a invit\u00e9 les participants \u00e0 faire siens, les enseignements et les bonnes pratiques sur la protection sociale afin qu\u2019une fois de retour dans leurs pays respectifs, ils puissent impacter positivement leurs milieux de travail pour une \u00ab Afrique de paix, socialement stable et au grand bonheur des populations \u00bb.<\/p>\n<p>Notons que le CIPRES a \u00e9t\u00e9 cr\u00e9\u00e9 en 1993 et compte \u00e0 nos jours 18 pays membres. Aussi, rappelons que cette rencontre se tient en marge de la Conf\u00e9rence internationale du Travail \u00e0 Gen\u00e8ve.<\/p>\n<p><strong>In\u00e8s Tougma (stagiaire)<\/strong><\/p>\n<p><strong>Latribun<span style=\"font-size: 1.0625rem;\">edufaso.net<a href=\"https:\/\/www.latribunedufaso.net\/wp-content\/uploads\/2023\/12\/IMG-20231216-WA0008.jpg\"><img loading=\"lazy\" decoding=\"async\" class=\"size-medium wp-image-10860 alignleft\" src=\"https:\/\/www.latribunedufaso.net\/wp-content\/uploads\/2023\/12\/IMG-20231216-WA0008-300x169.jpg\" alt=\"\" width=\"300\" height=\"169\" srcset=\"https:\/\/www.latribunedufaso.net\/wp-content\/uploads\/2023\/12\/IMG-20231216-WA0008-300x169.jpg 300w, https:\/\/www.latribunedufaso.net\/wp-content\/uploads\/2023\/12\/IMG-20231216-WA0008-768x432.jpg 768w, https:\/\/www.latribunedufaso.net\/wp-content\/uploads\/2023\/12\/IMG-20231216-WA0008.jpg 1000w\" sizes=\"auto, (max-width: 300px) 100vw, 300px\" \/><\/a><\/span><\/strong><\/p>\n","protected":false},"excerpt":{"rendered":"<p>Le premier ministre, Apollinaire Kelyem de Tamb\u00e8la a pr\u00e9sid\u00e9 la 35\u00e8me session ordinaire du Conseil des ministres de la conf\u00e9rence inter-Africaine de la pr\u00e9voyance sociale (CIPRES) le vendredi 15 d\u00e9cembre 2023 \u00e0 Ouagadougou.\u00a0<\/p>\n","protected":false},"author":5,"featured_media":10859,"comment_status":"open","ping_status":"open","sticky":false,"template":"","format":"standard","meta":{"footnotes":""},"categories":[13,1,8],"tags":[],"class_list":["post-10857","post","type-post","status-publish","format-standard","has-post-thumbnail","hentry","category-une","category-actu","category-societe"],"yoast_head":"<!-- This site is optimized with the Yoast SEO plugin v27.4 - https:\/\/yoast.com\/product\/yoast-seo-wordpress\/ -->\n<title>35\u00e8me session ordinaire du CIPRES : Les acteurs r\u00e9fl\u00e9chissent l&#039;am\u00e9lioration des conditions de vie des travailleurs - La Tribune du Faso<\/title>\n<meta name=\"robots\" content=\"index, follow, max-snippet:-1, max-image-preview:large, max-video-preview:-1\" \/>\n<link rel=\"canonical\" href=\"https:\/\/www.latribunedufaso.net\/?p=10857\" \/>\n<meta property=\"og:locale\" content=\"fr_FR\" \/>\n<meta property=\"og:type\" content=\"article\" \/>\n<meta property=\"og:title\" content=\"35\u00e8me session ordinaire du CIPRES : Les acteurs r\u00e9fl\u00e9chissent l&#039;am\u00e9lioration des conditions de vie des travailleurs - La Tribune du Faso\" \/>\n<meta property=\"og:description\" content=\"Le premier ministre, Apollinaire Kelyem de Tamb\u00e8la a pr\u00e9sid\u00e9 la 35\u00e8me session ordinaire du Conseil des ministres de la conf\u00e9rence inter-Africaine de la pr\u00e9voyance sociale (CIPRES) le vendredi 15 d\u00e9cembre 2023 \u00e0 Ouagadougou.\u00a0\" \/>\n<meta property=\"og:url\" content=\"https:\/\/www.latribunedufaso.net\/?p=10857\" \/>\n<meta property=\"og:site_name\" content=\"La Tribune du Faso\" \/>\n<meta property=\"article:publisher\" content=\"https:\/\/www.facebook.com\/LatribuneduFaso\/\" \/>\n<meta property=\"article:published_time\" content=\"2023-12-16T10:31:54+00:00\" \/>\n<meta property=\"og:image\" content=\"https:\/\/www.latribunedufaso.net\/wp-content\/uploads\/2023\/12\/IMG-20231216-WA0007.jpg\" \/>\n\t<meta property=\"og:image:width\" content=\"1080\" \/>\n\t<meta property=\"og:image:height\" content=\"474\" \/>\n\t<meta property=\"og:image:type\" content=\"image\/jpeg\" \/>\n<meta name=\"author\" content=\"Issouf Tapsoba\" \/>\n<meta name=\"twitter:label1\" content=\"\u00c9crit par\" \/>\n\t<meta name=\"twitter:data1\" content=\"Issouf Tapsoba\" \/>\n\t<meta name=\"twitter:label2\" content=\"Dur\u00e9e de lecture estim\u00e9e\" \/>\n\t<meta name=\"twitter:data2\" content=\"2 minutes\" \/>\n<script type=\"application\/ld+json\" class=\"yoast-schema-graph\">{\"@context\":\"https:\\\/\\\/schema.org\",\"@graph\":[{\"@type\":\"Article\",\"@id\":\"https:\\\/\\\/www.latribunedufaso.net\\\/?p=10857#article\",\"isPartOf\":{\"@id\":\"https:\\\/\\\/www.latribunedufaso.net\\\/?p=10857\"},\"author\":{\"name\":\"Issouf Tapsoba\",\"@id\":\"https:\\\/\\\/www.latribunedufaso.net\\\/#\\\/schema\\\/person\\\/e54e64c5778a7e72cf80a318b7a622b0\"},\"headline\":\"35\u00e8me session ordinaire du CIPRES : Les acteurs r\u00e9fl\u00e9chissent l&rsquo;am\u00e9lioration des conditions de vie des travailleurs\",\"datePublished\":\"2023-12-16T10:31:54+00:00\",\"mainEntityOfPage\":{\"@id\":\"https:\\\/\\\/www.latribunedufaso.net\\\/?p=10857\"},\"wordCount\":410,\"commentCount\":0,\"publisher\":{\"@id\":\"https:\\\/\\\/www.latribunedufaso.net\\\/#organization\"},\"image\":{\"@id\":\"https:\\\/\\\/www.latribunedufaso.net\\\/?p=10857#primaryimage\"},\"thumbnailUrl\":\"https:\\\/\\\/www.latribunedufaso.net\\\/wp-content\\\/uploads\\\/2023\\\/12\\\/IMG-20231216-WA0007.jpg\",\"articleSection\":[\"A la une\",\"Actualit\u00e9\",\"Soci\u00e9t\u00e9\"],\"inLanguage\":\"fr-FR\",\"potentialAction\":[{\"@type\":\"CommentAction\",\"name\":\"Comment\",\"target\":[\"https:\\\/\\\/www.latribunedufaso.net\\\/?p=10857#respond\"]}]},{\"@type\":\"WebPage\",\"@id\":\"https:\\\/\\\/www.latribunedufaso.net\\\/?p=10857\",\"url\":\"https:\\\/\\\/www.latribunedufaso.net\\\/?p=10857\",\"name\":\"35\u00e8me session ordinaire du CIPRES : Les acteurs r\u00e9fl\u00e9chissent l'am\u00e9lioration des conditions de vie des travailleurs - La Tribune du Faso\",\"isPartOf\":{\"@id\":\"https:\\\/\\\/www.latribunedufaso.net\\\/#website\"},\"primaryImageOfPage\":{\"@id\":\"https:\\\/\\\/www.latribunedufaso.net\\\/?p=10857#primaryimage\"},\"image\":{\"@id\":\"https:\\\/\\\/www.latribunedufaso.net\\\/?p=10857#primaryimage\"},\"thumbnailUrl\":\"https:\\\/\\\/www.latribunedufaso.net\\\/wp-content\\\/uploads\\\/2023\\\/12\\\/IMG-20231216-WA0007.jpg\",\"datePublished\":\"2023-12-16T10:31:54+00:00\",\"breadcrumb\":{\"@id\":\"https:\\\/\\\/www.latribunedufaso.net\\\/?p=10857#breadcrumb\"},\"inLanguage\":\"fr-FR\",\"potentialAction\":[{\"@type\":\"ReadAction\",\"target\":[\"https:\\\/\\\/www.latribunedufaso.net\\\/?p=10857\"]}]},{\"@type\":\"ImageObject\",\"inLanguage\":\"fr-FR\",\"@id\":\"https:\\\/\\\/www.latribunedufaso.net\\\/?p=10857#primaryimage\",\"url\":\"https:\\\/\\\/www.latribunedufaso.net\\\/wp-content\\\/uploads\\\/2023\\\/12\\\/IMG-20231216-WA0007.jpg\",\"contentUrl\":\"https:\\\/\\\/www.latribunedufaso.net\\\/wp-content\\\/uploads\\\/2023\\\/12\\\/IMG-20231216-WA0007.jpg\",\"width\":1080,\"height\":474},{\"@type\":\"BreadcrumbList\",\"@id\":\"https:\\\/\\\/www.latribunedufaso.net\\\/?p=10857#breadcrumb\",\"itemListElement\":[{\"@type\":\"ListItem\",\"position\":1,\"name\":\"Accueil\",\"item\":\"https:\\\/\\\/www.latribunedufaso.net\\\/\"},{\"@type\":\"ListItem\",\"position\":2,\"name\":\"35\u00e8me session ordinaire du CIPRES : Les acteurs r\u00e9fl\u00e9chissent l&rsquo;am\u00e9lioration des conditions de vie des travailleurs\"}]},{\"@type\":\"WebSite\",\"@id\":\"https:\\\/\\\/www.latribunedufaso.net\\\/#website\",\"url\":\"https:\\\/\\\/www.latribunedufaso.net\\\/\",\"name\":\"La Tribune du Faso\",\"description\":\"L&#039;information du monde rural en un clic\",\"publisher\":{\"@id\":\"https:\\\/\\\/www.latribunedufaso.net\\\/#organization\"},\"potentialAction\":[{\"@type\":\"SearchAction\",\"target\":{\"@type\":\"EntryPoint\",\"urlTemplate\":\"https:\\\/\\\/www.latribunedufaso.net\\\/?s={search_term_string}\"},\"query-input\":{\"@type\":\"PropertyValueSpecification\",\"valueRequired\":true,\"valueName\":\"search_term_string\"}}],\"inLanguage\":\"fr-FR\"},{\"@type\":\"Organization\",\"@id\":\"https:\\\/\\\/www.latribunedufaso.net\\\/#organization\",\"name\":\"La Tribune du Faso\",\"url\":\"https:\\\/\\\/www.latribunedufaso.net\\\/\",\"logo\":{\"@type\":\"ImageObject\",\"inLanguage\":\"fr-FR\",\"@id\":\"https:\\\/\\\/www.latribunedufaso.net\\\/#\\\/schema\\\/logo\\\/image\\\/\",\"url\":\"https:\\\/\\\/www.latribunedufaso.net\\\/wp-content\\\/uploads\\\/2020\\\/08\\\/Logo-Tribune-du-Faso-final-scaled.jpg\",\"contentUrl\":\"https:\\\/\\\/www.latribunedufaso.net\\\/wp-content\\\/uploads\\\/2020\\\/08\\\/Logo-Tribune-du-Faso-final-scaled.jpg\",\"width\":2560,\"height\":1856,\"caption\":\"La Tribune du Faso\"},\"image\":{\"@id\":\"https:\\\/\\\/www.latribunedufaso.net\\\/#\\\/schema\\\/logo\\\/image\\\/\"},\"sameAs\":[\"https:\\\/\\\/www.facebook.com\\\/LatribuneduFaso\\\/\"]},{\"@type\":\"Person\",\"@id\":\"https:\\\/\\\/www.latribunedufaso.net\\\/#\\\/schema\\\/person\\\/e54e64c5778a7e72cf80a318b7a622b0\",\"name\":\"Issouf Tapsoba\",\"image\":{\"@type\":\"ImageObject\",\"inLanguage\":\"fr-FR\",\"@id\":\"https:\\\/\\\/secure.gravatar.com\\\/avatar\\\/5e6c05150ce3230247d167f5b94d678eb05936197436d69b7921e3a95c9107ac?s=96&d=mm&r=g\",\"url\":\"https:\\\/\\\/secure.gravatar.com\\\/avatar\\\/5e6c05150ce3230247d167f5b94d678eb05936197436d69b7921e3a95c9107ac?s=96&d=mm&r=g\",\"contentUrl\":\"https:\\\/\\\/secure.gravatar.com\\\/avatar\\\/5e6c05150ce3230247d167f5b94d678eb05936197436d69b7921e3a95c9107ac?s=96&d=mm&r=g\",\"caption\":\"Issouf Tapsoba\"},\"url\":\"https:\\\/\\\/www.latribunedufaso.net\\\/?author=5\"}]}<\/script>\n<!-- \/ Yoast SEO plugin. -->","yoast_head_json":{"title":"35\u00e8me session ordinaire du CIPRES : Les acteurs r\u00e9fl\u00e9chissent l'am\u00e9lioration des conditions de vie des travailleurs - La Tribune du Faso","robots":{"index":"index","follow":"follow","max-snippet":"max-snippet:-1","max-image-preview":"max-image-preview:large","max-video-preview":"max-video-preview:-1"},"canonical":"https:\/\/www.latribunedufaso.net\/?p=10857","og_locale":"fr_FR","og_type":"article","og_title":"35\u00e8me session ordinaire du CIPRES : Les acteurs r\u00e9fl\u00e9chissent l'am\u00e9lioration des conditions de vie des travailleurs - La Tribune du Faso","og_description":"Le premier ministre, Apollinaire Kelyem de Tamb\u00e8la a pr\u00e9sid\u00e9 la 35\u00e8me session ordinaire du Conseil des ministres de la conf\u00e9rence inter-Africaine de la pr\u00e9voyance sociale (CIPRES) le vendredi 15 d\u00e9cembre 2023 \u00e0 Ouagadougou.\u00a0","og_url":"https:\/\/www.latribunedufaso.net\/?p=10857","og_site_name":"La Tribune du Faso","article_publisher":"https:\/\/www.facebook.com\/LatribuneduFaso\/","article_published_time":"2023-12-16T10:31:54+00:00","og_image":[{"width":1080,"height":474,"url":"https:\/\/www.latribunedufaso.net\/wp-content\/uploads\/2023\/12\/IMG-20231216-WA0007.jpg","type":"image\/jpeg"}],"author":"Issouf Tapsoba","twitter_misc":{"\u00c9crit par":"Issouf Tapsoba","Dur\u00e9e de lecture estim\u00e9e":"2 minutes"},"schema":{"@context":"https:\/\/schema.org","@graph":[{"@type":"Article","@id":"https:\/\/www.latribunedufaso.net\/?p=10857#article","isPartOf":{"@id":"https:\/\/www.latribunedufaso.net\/?p=10857"},"author":{"name":"Issouf Tapsoba","@id":"https:\/\/www.latribunedufaso.net\/#\/schema\/person\/e54e64c5778a7e72cf80a318b7a622b0"},"headline":"35\u00e8me session ordinaire du CIPRES : Les acteurs r\u00e9fl\u00e9chissent l&rsquo;am\u00e9lioration des conditions de vie des travailleurs","datePublished":"2023-12-16T10:31:54+00:00","mainEntityOfPage":{"@id":"https:\/\/www.latribunedufaso.net\/?p=10857"},"wordCount":410,"commentCount":0,"publisher":{"@id":"https:\/\/www.latribunedufaso.net\/#organization"},"image":{"@id":"https:\/\/www.latribunedufaso.net\/?p=10857#primaryimage"},"thumbnailUrl":"https:\/\/www.latribunedufaso.net\/wp-content\/uploads\/2023\/12\/IMG-20231216-WA0007.jpg","articleSection":["A la une","Actualit\u00e9","Soci\u00e9t\u00e9"],"inLanguage":"fr-FR","potentialAction":[{"@type":"CommentAction","name":"Comment","target":["https:\/\/www.latribunedufaso.net\/?p=10857#respond"]}]},{"@type":"WebPage","@id":"https:\/\/www.latribunedufaso.net\/?p=10857","url":"https:\/\/www.latribunedufaso.net\/?p=10857","name":"35\u00e8me session ordinaire du CIPRES : Les acteurs r\u00e9fl\u00e9chissent l'am\u00e9lioration des conditions de vie des travailleurs - La Tribune du Faso","isPartOf":{"@id":"https:\/\/www.latribunedufaso.net\/#website"},"primaryImageOfPage":{"@id":"https:\/\/www.latribunedufaso.net\/?p=10857#primaryimage"},"image":{"@id":"https:\/\/www.latribunedufaso.net\/?p=10857#primaryimage"},"thumbnailUrl":"https:\/\/www.latribunedufaso.net\/wp-content\/uploads\/2023\/12\/IMG-20231216-WA0007.jpg","datePublished":"2023-12-16T10:31:54+00:00","breadcrumb":{"@id":"https:\/\/www.latribunedufaso.net\/?p=10857#breadcrumb"},"inLanguage":"fr-FR","potentialAction":[{"@type":"ReadAction","target":["https:\/\/www.latribunedufaso.net\/?p=10857"]}]},{"@type":"ImageObject","inLanguage":"fr-FR","@id":"https:\/\/www.latribunedufaso.net\/?p=10857#primaryimage","url":"https:\/\/www.latribunedufaso.net\/wp-content\/uploads\/2023\/12\/IMG-20231216-WA0007.jpg","contentUrl":"https:\/\/www.latribunedufaso.net\/wp-content\/uploads\/2023\/12\/IMG-20231216-WA0007.jpg","width":1080,"height":474},{"@type":"BreadcrumbList","@id":"https:\/\/www.latribunedufaso.net\/?p=10857#breadcrumb","itemListElement":[{"@type":"ListItem","position":1,"name":"Accueil","item":"https:\/\/www.latribunedufaso.net\/"},{"@type":"ListItem","position":2,"name":"35\u00e8me session ordinaire du CIPRES : Les acteurs r\u00e9fl\u00e9chissent l&rsquo;am\u00e9lioration des conditions de vie des travailleurs"}]},{"@type":"WebSite","@id":"https:\/\/www.latribunedufaso.net\/#website","url":"https:\/\/www.latribunedufaso.net\/","name":"La Tribune du Faso","description":"L&#039;information du monde rural en un clic","publisher":{"@id":"https:\/\/www.latribunedufaso.net\/#organization"},"potentialAction":[{"@type":"SearchAction","target":{"@type":"EntryPoint","urlTemplate":"https:\/\/www.latribunedufaso.net\/?s={search_term_string}"},"query-input":{"@type":"PropertyValueSpecification","valueRequired":true,"valueName":"search_term_string"}}],"inLanguage":"fr-FR"},{"@type":"Organization","@id":"https:\/\/www.latribunedufaso.net\/#organization","name":"La Tribune du Faso","url":"https:\/\/www.latribunedufaso.net\/","logo":{"@type":"ImageObject","inLanguage":"fr-FR","@id":"https:\/\/www.latribunedufaso.net\/#\/schema\/logo\/image\/","url":"https:\/\/www.latribunedufaso.net\/wp-content\/uploads\/2020\/08\/Logo-Tribune-du-Faso-final-scaled.jpg","contentUrl":"https:\/\/www.latribunedufaso.net\/wp-content\/uploads\/2020\/08\/Logo-Tribune-du-Faso-final-scaled.jpg","width":2560,"height":1856,"caption":"La Tribune du Faso"},"image":{"@id":"https:\/\/www.latribunedufaso.net\/#\/schema\/logo\/image\/"},"sameAs":["https:\/\/www.facebook.com\/LatribuneduFaso\/"]},{"@type":"Person","@id":"https:\/\/www.latribunedufaso.net\/#\/schema\/person\/e54e64c5778a7e72cf80a318b7a622b0","name":"Issouf Tapsoba","image":{"@type":"ImageObject","inLanguage":"fr-FR","@id":"https:\/\/secure.gravatar.com\/avatar\/5e6c05150ce3230247d167f5b94d678eb05936197436d69b7921e3a95c9107ac?s=96&d=mm&r=g","url":"https:\/\/secure.gravatar.com\/avatar\/5e6c05150ce3230247d167f5b94d678eb05936197436d69b7921e3a95c9107ac?s=96&d=mm&r=g","contentUrl":"https:\/\/secure.gravatar.com\/avatar\/5e6c05150ce3230247d167f5b94d678eb05936197436d69b7921e3a95c9107ac?s=96&d=mm&r=g","caption":"Issouf Tapsoba"},"url":"https:\/\/www.latribunedufaso.net\/?author=5"}]}},"_links":{"self":[{"href":"https:\/\/www.latribunedufaso.net\/index.php?rest_route=\/wp\/v2\/posts\/10857","targetHints":{"allow":["GET"]}}],"collection":[{"href":"https:\/\/www.latribunedufaso.net\/index.php?rest_route=\/wp\/v2\/posts"}],"about":[{"href":"https:\/\/www.latribunedufaso.net\/index.php?rest_route=\/wp\/v2\/types\/post"}],"author":[{"embeddable":true,"href":"https:\/\/www.latribunedufaso.net\/index.php?rest_route=\/wp\/v2\/users\/5"}],"replies":[{"embeddable":true,"href":"https:\/\/www.latribunedufaso.net\/index.php?rest_route=%2Fwp%2Fv2%2Fcomments&post=10857"}],"version-history":[{"count":3,"href":"https:\/\/www.latribunedufaso.net\/index.php?rest_route=\/wp\/v2\/posts\/10857\/revisions"}],"predecessor-version":[{"id":10865,"href":"https:\/\/www.latribunedufaso.net\/index.php?rest_route=\/wp\/v2\/posts\/10857\/revisions\/10865"}],"wp:featuredmedia":[{"embeddable":true,"href":"https:\/\/www.latribunedufaso.net\/index.php?rest_route=\/wp\/v2\/media\/10859"}],"wp:attachment":[{"href":"https:\/\/www.latribunedufaso.net\/index.php?rest_route=%2Fwp%2Fv2%2Fmedia&parent=10857"}],"wp:term":[{"taxonomy":"category","embeddable":true,"href":"https:\/\/www.latribunedufaso.net\/index.php?rest_route=%2Fwp%2Fv2%2Fcategories&post=10857"},{"taxonomy":"post_tag","embeddable":true,"href":"https:\/\/www.latribunedufaso.net\/index.php?rest_route=%2Fwp%2Fv2%2Ftags&post=10857"}],"curies":[{"name":"wp","href":"https:\/\/api.w.org\/{rel}","templated":true}]}}