{"id":10356,"date":"2023-11-15T22:58:42","date_gmt":"2023-11-15T22:58:42","guid":{"rendered":"https:\/\/www.latribunedufaso.net\/?p=10356"},"modified":"2023-11-15T22:58:42","modified_gmt":"2023-11-15T22:58:42","slug":"vente-des-equipements-agricoles-la-sonater-engagee-dans-le-recouvrement-de-plus-de-11-milliards-de-fcfa-de-creances","status":"publish","type":"post","link":"https:\/\/www.latribunedufaso.net\/?p=10356","title":{"rendered":"Vente des \u00e9quipements agricoles : La SONATER engag\u00e9e dans le recouvrement de plus de 11 milliards de FCFA de cr\u00e9ances"},"content":{"rendered":"<p><strong><span style=\"font-size: 1.0625rem;\">Au cours d\u2019une conf\u00e9rence de presse tenue le mercredi 15 novembre 2023 \u00e0 Ouagadougou, le Directeur g\u00e9n\u00e9ral de la Soci\u00e9t\u00e9 national de l\u2019am\u00e9nagement des terres et de l\u2019\u00e9quipement rural (SONATER), Issaka Compaor\u00e9, s\u2019est exprim\u00e9 sur la situation des cr\u00e9ances de ladite structure relative \u00e0 la vente des \u00e9quipements agricoles. <\/span><\/strong><!--more--><\/p>\n<p>Il ressort que les cr\u00e9ances de la SONATER se chiffrent \u00e0 11 598 370 762 francs CFA dont 4 061 382 097 francs CFA au titre des cr\u00e9ances clients et 7 536 988 665 francs CFA au titre de la subvention de l\u2019Etat.\u00a0<\/p>\n<p><a href=\"https:\/\/www.latribunedufaso.net\/wp-content\/uploads\/2023\/11\/FB_IMG_1700089021942.jpg\"><img loading=\"lazy\" decoding=\"async\" class=\"alignnone size-medium wp-image-10365\" src=\"https:\/\/www.latribunedufaso.net\/wp-content\/uploads\/2023\/11\/FB_IMG_1700089021942-300x200.jpg\" alt=\"\" width=\"300\" height=\"200\" srcset=\"https:\/\/www.latribunedufaso.net\/wp-content\/uploads\/2023\/11\/FB_IMG_1700089021942-300x200.jpg 300w, https:\/\/www.latribunedufaso.net\/wp-content\/uploads\/2023\/11\/FB_IMG_1700089021942-120x80.jpg 120w, https:\/\/www.latribunedufaso.net\/wp-content\/uploads\/2023\/11\/FB_IMG_1700089021942-360x240.jpg 360w, https:\/\/www.latribunedufaso.net\/wp-content\/uploads\/2023\/11\/FB_IMG_1700089021942-600x400.jpg 600w, https:\/\/www.latribunedufaso.net\/wp-content\/uploads\/2023\/11\/FB_IMG_1700089021942.jpg 720w\" sizes=\"auto, (max-width: 300px) 100vw, 300px\" \/><\/a> Le Directeur g\u00e9n\u00e9ral de la SONATER a expliqu\u00e9 qu\u2019\u00e0 travers cette conf\u00e9rence publique la SONATER invite tous ses d\u00e9biteurs \u00e0 se mettre \u00e0 jour. Elle invite \u00e9galement ceux qui ont fait des paiements et qui ne leur ont pas encore transmis les quittances \u00e0 le faire dans les plus brefs d\u00e9lais pour une mise \u00e0 jour de leur situation, parce que des mesures seront entreprises en vue du recouvrement de ces cr\u00e9ances.<\/p>\n<p>En effet, les mesures s\u2019adressent aux organisations professionnelles, aux particuliers et autorit\u00e9s cr\u00e9anciers de la SONATER. A \u00e9couter le Directeur g\u00e9n\u00e9ral Issaka Compaor\u00e9, pour les organisations professionnelles, le minist\u00e8re de l\u2019agriculture fera des r\u00e9tentions \u00e0 la source sur les subventions allou\u00e9es aux organisations professionnelles \u00e0 concurrence du montant de leurs cr\u00e9ances d\u00fbes et mettra en \u0153uvre des actions pour diligenter le paiement de leurs cr\u00e9ances. Quant \u00e0 l\u2019endroit des particuliers et des autorit\u00e9s, la SONATER compte publier la liste des d\u00e9biteurs dans un journal de la place \u00e0 l\u2019expiration du d\u00e9lais. Elle compte \u00e9galement r\u00e9aliser les garanties fournies par les clients et au besoin ouvrir des proc\u00e9dures judiciaires \u00e0 l\u2019encontre de ses d\u00e9biteurs. De plus, la SONATER m\u00e8nera des d\u00e9marches aupr\u00e8s du minist\u00e8re de l\u2019Economie en vue de la prise de mesures visant \u00e0 op\u00e9rer des retenues \u00e0 la solde pour les agents publics d\u00e9biteurs de la SONATER.\u00a0<\/p>\n<p>En rappel, la SONATER a pour principales missions d\u2019ex\u00e9cuter des projets et programmes dans des domaines tels que les constructions rurales, les \u00e9quipements en mat\u00e9riels agricoles manuels et motoris\u00e9s, les am\u00e9nagements de terres agricoles, la d\u00e9fense et restauration des sols et toute autre activit\u00e9 de l\u2019agriculture et de la s\u00e9curit\u00e9 alimentaire entrant dans le champs de la ma\u00eetrise d\u2019ouvrages d\u00e9l\u00e9gu\u00e9s. Elle travaille \u00e0 titre de ma\u00eetre d\u2019ouvrage d\u00e9l\u00e9gu\u00e9 pour le compte et au nom de l\u2019Etat et de ses d\u00e9membrements, des collectivit\u00e9s territoriales, des associations et de tout organisme de droit public ou priv\u00e9.<\/p>\n<p>&nbsp;<\/p>\n<p><strong>Nabintou Ouattara (stagiaire)<\/strong><\/p>\n<p><strong>Latribunedufaso.net<\/strong><\/p>\n","protected":false},"excerpt":{"rendered":"<p>Au cours d\u2019une conf\u00e9rence de presse tenue le mercredi 15 novembre 2023 \u00e0 Ouagadougou, le Directeur g\u00e9n\u00e9ral de la Soci\u00e9t\u00e9 national de l\u2019am\u00e9nagement des terres et de l\u2019\u00e9quipement rural (SONATER), Issaka Compaor\u00e9, s\u2019est exprim\u00e9 sur la situation des cr\u00e9ances de ladite structure relative \u00e0 la vente des \u00e9quipements agricoles.<\/p>\n","protected":false},"author":5,"featured_media":10364,"comment_status":"open","ping_status":"open","sticky":false,"template":"","format":"standard","meta":{"footnotes":""},"categories":[13,1,3],"tags":[],"class_list":["post-10356","post","type-post","status-publish","format-standard","has-post-thumbnail","hentry","category-une","category-actu","category-agri"],"yoast_head":"<!-- This site is optimized with the Yoast SEO plugin v27.5 - https:\/\/yoast.com\/product\/yoast-seo-wordpress\/ -->\n<title>Vente des \u00e9quipements agricoles : La SONATER engag\u00e9e dans le recouvrement de plus de 11 milliards de FCFA de cr\u00e9ances - La Tribune du Faso<\/title>\n<meta name=\"robots\" content=\"index, follow, max-snippet:-1, max-image-preview:large, max-video-preview:-1\" \/>\n<link rel=\"canonical\" href=\"https:\/\/www.latribunedufaso.net\/?p=10356\" \/>\n<meta property=\"og:locale\" content=\"fr_FR\" \/>\n<meta property=\"og:type\" content=\"article\" \/>\n<meta property=\"og:title\" content=\"Vente des \u00e9quipements agricoles : La SONATER engag\u00e9e dans le recouvrement de plus de 11 milliards de FCFA de cr\u00e9ances - La Tribune du Faso\" \/>\n<meta property=\"og:description\" content=\"Au cours d\u2019une conf\u00e9rence de presse tenue le mercredi 15 novembre 2023 \u00e0 Ouagadougou, le Directeur g\u00e9n\u00e9ral de la Soci\u00e9t\u00e9 national de l\u2019am\u00e9nagement des terres et de l\u2019\u00e9quipement rural (SONATER), Issaka Compaor\u00e9, s\u2019est exprim\u00e9 sur la situation des cr\u00e9ances de ladite structure relative \u00e0 la vente des \u00e9quipements agricoles.\" \/>\n<meta property=\"og:url\" content=\"https:\/\/www.latribunedufaso.net\/?p=10356\" \/>\n<meta property=\"og:site_name\" content=\"La Tribune du Faso\" \/>\n<meta property=\"article:publisher\" content=\"https:\/\/www.facebook.com\/LatribuneduFaso\/\" \/>\n<meta property=\"article:published_time\" content=\"2023-11-15T22:58:42+00:00\" \/>\n<meta property=\"og:image\" content=\"https:\/\/www.latribunedufaso.net\/wp-content\/uploads\/2023\/11\/IMG-20231115-WA0085.jpg\" \/>\n\t<meta property=\"og:image:width\" content=\"1280\" \/>\n\t<meta property=\"og:image:height\" content=\"576\" \/>\n\t<meta property=\"og:image:type\" content=\"image\/jpeg\" \/>\n<meta name=\"author\" content=\"Issouf Tapsoba\" \/>\n<meta name=\"twitter:label1\" content=\"\u00c9crit par\" \/>\n\t<meta name=\"twitter:data1\" content=\"Issouf Tapsoba\" \/>\n\t<meta name=\"twitter:label2\" content=\"Dur\u00e9e de lecture estim\u00e9e\" \/>\n\t<meta name=\"twitter:data2\" content=\"2 minutes\" \/>\n<script type=\"application\/ld+json\" class=\"yoast-schema-graph\">{\"@context\":\"https:\\\/\\\/schema.org\",\"@graph\":[{\"@type\":\"Article\",\"@id\":\"https:\\\/\\\/www.latribunedufaso.net\\\/?p=10356#article\",\"isPartOf\":{\"@id\":\"https:\\\/\\\/www.latribunedufaso.net\\\/?p=10356\"},\"author\":{\"name\":\"Issouf Tapsoba\",\"@id\":\"https:\\\/\\\/www.latribunedufaso.net\\\/#\\\/schema\\\/person\\\/e54e64c5778a7e72cf80a318b7a622b0\"},\"headline\":\"Vente des \u00e9quipements agricoles : La SONATER engag\u00e9e dans le recouvrement de plus de 11 milliards de FCFA de cr\u00e9ances\",\"datePublished\":\"2023-11-15T22:58:42+00:00\",\"mainEntityOfPage\":{\"@id\":\"https:\\\/\\\/www.latribunedufaso.net\\\/?p=10356\"},\"wordCount\":470,\"commentCount\":0,\"publisher\":{\"@id\":\"https:\\\/\\\/www.latribunedufaso.net\\\/#organization\"},\"image\":{\"@id\":\"https:\\\/\\\/www.latribunedufaso.net\\\/?p=10356#primaryimage\"},\"thumbnailUrl\":\"https:\\\/\\\/www.latribunedufaso.net\\\/wp-content\\\/uploads\\\/2023\\\/11\\\/IMG-20231115-WA0085.jpg\",\"articleSection\":[\"A la une\",\"Actualit\u00e9\",\"Agriculture\"],\"inLanguage\":\"fr-FR\",\"potentialAction\":[{\"@type\":\"CommentAction\",\"name\":\"Comment\",\"target\":[\"https:\\\/\\\/www.latribunedufaso.net\\\/?p=10356#respond\"]}]},{\"@type\":\"WebPage\",\"@id\":\"https:\\\/\\\/www.latribunedufaso.net\\\/?p=10356\",\"url\":\"https:\\\/\\\/www.latribunedufaso.net\\\/?p=10356\",\"name\":\"Vente des \u00e9quipements agricoles : La SONATER engag\u00e9e dans le recouvrement de plus de 11 milliards de FCFA de cr\u00e9ances - La Tribune du Faso\",\"isPartOf\":{\"@id\":\"https:\\\/\\\/www.latribunedufaso.net\\\/#website\"},\"primaryImageOfPage\":{\"@id\":\"https:\\\/\\\/www.latribunedufaso.net\\\/?p=10356#primaryimage\"},\"image\":{\"@id\":\"https:\\\/\\\/www.latribunedufaso.net\\\/?p=10356#primaryimage\"},\"thumbnailUrl\":\"https:\\\/\\\/www.latribunedufaso.net\\\/wp-content\\\/uploads\\\/2023\\\/11\\\/IMG-20231115-WA0085.jpg\",\"datePublished\":\"2023-11-15T22:58:42+00:00\",\"breadcrumb\":{\"@id\":\"https:\\\/\\\/www.latribunedufaso.net\\\/?p=10356#breadcrumb\"},\"inLanguage\":\"fr-FR\",\"potentialAction\":[{\"@type\":\"ReadAction\",\"target\":[\"https:\\\/\\\/www.latribunedufaso.net\\\/?p=10356\"]}]},{\"@type\":\"ImageObject\",\"inLanguage\":\"fr-FR\",\"@id\":\"https:\\\/\\\/www.latribunedufaso.net\\\/?p=10356#primaryimage\",\"url\":\"https:\\\/\\\/www.latribunedufaso.net\\\/wp-content\\\/uploads\\\/2023\\\/11\\\/IMG-20231115-WA0085.jpg\",\"contentUrl\":\"https:\\\/\\\/www.latribunedufaso.net\\\/wp-content\\\/uploads\\\/2023\\\/11\\\/IMG-20231115-WA0085.jpg\",\"width\":1280,\"height\":576},{\"@type\":\"BreadcrumbList\",\"@id\":\"https:\\\/\\\/www.latribunedufaso.net\\\/?p=10356#breadcrumb\",\"itemListElement\":[{\"@type\":\"ListItem\",\"position\":1,\"name\":\"Accueil\",\"item\":\"https:\\\/\\\/www.latribunedufaso.net\\\/\"},{\"@type\":\"ListItem\",\"position\":2,\"name\":\"Vente des \u00e9quipements agricoles : La SONATER engag\u00e9e dans le recouvrement de plus de 11 milliards de FCFA de cr\u00e9ances\"}]},{\"@type\":\"WebSite\",\"@id\":\"https:\\\/\\\/www.latribunedufaso.net\\\/#website\",\"url\":\"https:\\\/\\\/www.latribunedufaso.net\\\/\",\"name\":\"La Tribune du Faso\",\"description\":\"L&#039;information du monde rural en un clic\",\"publisher\":{\"@id\":\"https:\\\/\\\/www.latribunedufaso.net\\\/#organization\"},\"potentialAction\":[{\"@type\":\"SearchAction\",\"target\":{\"@type\":\"EntryPoint\",\"urlTemplate\":\"https:\\\/\\\/www.latribunedufaso.net\\\/?s={search_term_string}\"},\"query-input\":{\"@type\":\"PropertyValueSpecification\",\"valueRequired\":true,\"valueName\":\"search_term_string\"}}],\"inLanguage\":\"fr-FR\"},{\"@type\":\"Organization\",\"@id\":\"https:\\\/\\\/www.latribunedufaso.net\\\/#organization\",\"name\":\"La Tribune du Faso\",\"url\":\"https:\\\/\\\/www.latribunedufaso.net\\\/\",\"logo\":{\"@type\":\"ImageObject\",\"inLanguage\":\"fr-FR\",\"@id\":\"https:\\\/\\\/www.latribunedufaso.net\\\/#\\\/schema\\\/logo\\\/image\\\/\",\"url\":\"https:\\\/\\\/www.latribunedufaso.net\\\/wp-content\\\/uploads\\\/2020\\\/08\\\/Logo-Tribune-du-Faso-final-scaled.jpg\",\"contentUrl\":\"https:\\\/\\\/www.latribunedufaso.net\\\/wp-content\\\/uploads\\\/2020\\\/08\\\/Logo-Tribune-du-Faso-final-scaled.jpg\",\"width\":2560,\"height\":1856,\"caption\":\"La Tribune du Faso\"},\"image\":{\"@id\":\"https:\\\/\\\/www.latribunedufaso.net\\\/#\\\/schema\\\/logo\\\/image\\\/\"},\"sameAs\":[\"https:\\\/\\\/www.facebook.com\\\/LatribuneduFaso\\\/\"]},{\"@type\":\"Person\",\"@id\":\"https:\\\/\\\/www.latribunedufaso.net\\\/#\\\/schema\\\/person\\\/e54e64c5778a7e72cf80a318b7a622b0\",\"name\":\"Issouf Tapsoba\",\"image\":{\"@type\":\"ImageObject\",\"inLanguage\":\"fr-FR\",\"@id\":\"https:\\\/\\\/secure.gravatar.com\\\/avatar\\\/5e6c05150ce3230247d167f5b94d678eb05936197436d69b7921e3a95c9107ac?s=96&d=mm&r=g\",\"url\":\"https:\\\/\\\/secure.gravatar.com\\\/avatar\\\/5e6c05150ce3230247d167f5b94d678eb05936197436d69b7921e3a95c9107ac?s=96&d=mm&r=g\",\"contentUrl\":\"https:\\\/\\\/secure.gravatar.com\\\/avatar\\\/5e6c05150ce3230247d167f5b94d678eb05936197436d69b7921e3a95c9107ac?s=96&d=mm&r=g\",\"caption\":\"Issouf Tapsoba\"},\"url\":\"https:\\\/\\\/www.latribunedufaso.net\\\/?author=5\"}]}<\/script>\n<!-- \/ Yoast SEO plugin. -->","yoast_head_json":{"title":"Vente des \u00e9quipements agricoles : La SONATER engag\u00e9e dans le recouvrement de plus de 11 milliards de FCFA de cr\u00e9ances - La Tribune du Faso","robots":{"index":"index","follow":"follow","max-snippet":"max-snippet:-1","max-image-preview":"max-image-preview:large","max-video-preview":"max-video-preview:-1"},"canonical":"https:\/\/www.latribunedufaso.net\/?p=10356","og_locale":"fr_FR","og_type":"article","og_title":"Vente des \u00e9quipements agricoles : La SONATER engag\u00e9e dans le recouvrement de plus de 11 milliards de FCFA de cr\u00e9ances - La Tribune du Faso","og_description":"Au cours d\u2019une conf\u00e9rence de presse tenue le mercredi 15 novembre 2023 \u00e0 Ouagadougou, le Directeur g\u00e9n\u00e9ral de la Soci\u00e9t\u00e9 national de l\u2019am\u00e9nagement des terres et de l\u2019\u00e9quipement rural (SONATER), Issaka Compaor\u00e9, s\u2019est exprim\u00e9 sur la situation des cr\u00e9ances de ladite structure relative \u00e0 la vente des \u00e9quipements agricoles.","og_url":"https:\/\/www.latribunedufaso.net\/?p=10356","og_site_name":"La Tribune du Faso","article_publisher":"https:\/\/www.facebook.com\/LatribuneduFaso\/","article_published_time":"2023-11-15T22:58:42+00:00","og_image":[{"width":1280,"height":576,"url":"https:\/\/www.latribunedufaso.net\/wp-content\/uploads\/2023\/11\/IMG-20231115-WA0085.jpg","type":"image\/jpeg"}],"author":"Issouf Tapsoba","twitter_misc":{"\u00c9crit par":"Issouf Tapsoba","Dur\u00e9e de lecture estim\u00e9e":"2 minutes"},"schema":{"@context":"https:\/\/schema.org","@graph":[{"@type":"Article","@id":"https:\/\/www.latribunedufaso.net\/?p=10356#article","isPartOf":{"@id":"https:\/\/www.latribunedufaso.net\/?p=10356"},"author":{"name":"Issouf Tapsoba","@id":"https:\/\/www.latribunedufaso.net\/#\/schema\/person\/e54e64c5778a7e72cf80a318b7a622b0"},"headline":"Vente des \u00e9quipements agricoles : La SONATER engag\u00e9e dans le recouvrement de plus de 11 milliards de FCFA de cr\u00e9ances","datePublished":"2023-11-15T22:58:42+00:00","mainEntityOfPage":{"@id":"https:\/\/www.latribunedufaso.net\/?p=10356"},"wordCount":470,"commentCount":0,"publisher":{"@id":"https:\/\/www.latribunedufaso.net\/#organization"},"image":{"@id":"https:\/\/www.latribunedufaso.net\/?p=10356#primaryimage"},"thumbnailUrl":"https:\/\/www.latribunedufaso.net\/wp-content\/uploads\/2023\/11\/IMG-20231115-WA0085.jpg","articleSection":["A la une","Actualit\u00e9","Agriculture"],"inLanguage":"fr-FR","potentialAction":[{"@type":"CommentAction","name":"Comment","target":["https:\/\/www.latribunedufaso.net\/?p=10356#respond"]}]},{"@type":"WebPage","@id":"https:\/\/www.latribunedufaso.net\/?p=10356","url":"https:\/\/www.latribunedufaso.net\/?p=10356","name":"Vente des \u00e9quipements agricoles : La SONATER engag\u00e9e dans le recouvrement de plus de 11 milliards de FCFA de cr\u00e9ances - La Tribune du Faso","isPartOf":{"@id":"https:\/\/www.latribunedufaso.net\/#website"},"primaryImageOfPage":{"@id":"https:\/\/www.latribunedufaso.net\/?p=10356#primaryimage"},"image":{"@id":"https:\/\/www.latribunedufaso.net\/?p=10356#primaryimage"},"thumbnailUrl":"https:\/\/www.latribunedufaso.net\/wp-content\/uploads\/2023\/11\/IMG-20231115-WA0085.jpg","datePublished":"2023-11-15T22:58:42+00:00","breadcrumb":{"@id":"https:\/\/www.latribunedufaso.net\/?p=10356#breadcrumb"},"inLanguage":"fr-FR","potentialAction":[{"@type":"ReadAction","target":["https:\/\/www.latribunedufaso.net\/?p=10356"]}]},{"@type":"ImageObject","inLanguage":"fr-FR","@id":"https:\/\/www.latribunedufaso.net\/?p=10356#primaryimage","url":"https:\/\/www.latribunedufaso.net\/wp-content\/uploads\/2023\/11\/IMG-20231115-WA0085.jpg","contentUrl":"https:\/\/www.latribunedufaso.net\/wp-content\/uploads\/2023\/11\/IMG-20231115-WA0085.jpg","width":1280,"height":576},{"@type":"BreadcrumbList","@id":"https:\/\/www.latribunedufaso.net\/?p=10356#breadcrumb","itemListElement":[{"@type":"ListItem","position":1,"name":"Accueil","item":"https:\/\/www.latribunedufaso.net\/"},{"@type":"ListItem","position":2,"name":"Vente des \u00e9quipements agricoles : La SONATER engag\u00e9e dans le recouvrement de plus de 11 milliards de FCFA de cr\u00e9ances"}]},{"@type":"WebSite","@id":"https:\/\/www.latribunedufaso.net\/#website","url":"https:\/\/www.latribunedufaso.net\/","name":"La Tribune du Faso","description":"L&#039;information du monde rural en un clic","publisher":{"@id":"https:\/\/www.latribunedufaso.net\/#organization"},"potentialAction":[{"@type":"SearchAction","target":{"@type":"EntryPoint","urlTemplate":"https:\/\/www.latribunedufaso.net\/?s={search_term_string}"},"query-input":{"@type":"PropertyValueSpecification","valueRequired":true,"valueName":"search_term_string"}}],"inLanguage":"fr-FR"},{"@type":"Organization","@id":"https:\/\/www.latribunedufaso.net\/#organization","name":"La Tribune du Faso","url":"https:\/\/www.latribunedufaso.net\/","logo":{"@type":"ImageObject","inLanguage":"fr-FR","@id":"https:\/\/www.latribunedufaso.net\/#\/schema\/logo\/image\/","url":"https:\/\/www.latribunedufaso.net\/wp-content\/uploads\/2020\/08\/Logo-Tribune-du-Faso-final-scaled.jpg","contentUrl":"https:\/\/www.latribunedufaso.net\/wp-content\/uploads\/2020\/08\/Logo-Tribune-du-Faso-final-scaled.jpg","width":2560,"height":1856,"caption":"La Tribune du Faso"},"image":{"@id":"https:\/\/www.latribunedufaso.net\/#\/schema\/logo\/image\/"},"sameAs":["https:\/\/www.facebook.com\/LatribuneduFaso\/"]},{"@type":"Person","@id":"https:\/\/www.latribunedufaso.net\/#\/schema\/person\/e54e64c5778a7e72cf80a318b7a622b0","name":"Issouf Tapsoba","image":{"@type":"ImageObject","inLanguage":"fr-FR","@id":"https:\/\/secure.gravatar.com\/avatar\/5e6c05150ce3230247d167f5b94d678eb05936197436d69b7921e3a95c9107ac?s=96&d=mm&r=g","url":"https:\/\/secure.gravatar.com\/avatar\/5e6c05150ce3230247d167f5b94d678eb05936197436d69b7921e3a95c9107ac?s=96&d=mm&r=g","contentUrl":"https:\/\/secure.gravatar.com\/avatar\/5e6c05150ce3230247d167f5b94d678eb05936197436d69b7921e3a95c9107ac?s=96&d=mm&r=g","caption":"Issouf Tapsoba"},"url":"https:\/\/www.latribunedufaso.net\/?author=5"}]}},"_links":{"self":[{"href":"https:\/\/www.latribunedufaso.net\/index.php?rest_route=\/wp\/v2\/posts\/10356","targetHints":{"allow":["GET"]}}],"collection":[{"href":"https:\/\/www.latribunedufaso.net\/index.php?rest_route=\/wp\/v2\/posts"}],"about":[{"href":"https:\/\/www.latribunedufaso.net\/index.php?rest_route=\/wp\/v2\/types\/post"}],"author":[{"embeddable":true,"href":"https:\/\/www.latribunedufaso.net\/index.php?rest_route=\/wp\/v2\/users\/5"}],"replies":[{"embeddable":true,"href":"https:\/\/www.latribunedufaso.net\/index.php?rest_route=%2Fwp%2Fv2%2Fcomments&post=10356"}],"version-history":[{"count":2,"href":"https:\/\/www.latribunedufaso.net\/index.php?rest_route=\/wp\/v2\/posts\/10356\/revisions"}],"predecessor-version":[{"id":10366,"href":"https:\/\/www.latribunedufaso.net\/index.php?rest_route=\/wp\/v2\/posts\/10356\/revisions\/10366"}],"wp:featuredmedia":[{"embeddable":true,"href":"https:\/\/www.latribunedufaso.net\/index.php?rest_route=\/wp\/v2\/media\/10364"}],"wp:attachment":[{"href":"https:\/\/www.latribunedufaso.net\/index.php?rest_route=%2Fwp%2Fv2%2Fmedia&parent=10356"}],"wp:term":[{"taxonomy":"category","embeddable":true,"href":"https:\/\/www.latribunedufaso.net\/index.php?rest_route=%2Fwp%2Fv2%2Fcategories&post=10356"},{"taxonomy":"post_tag","embeddable":true,"href":"https:\/\/www.latribunedufaso.net\/index.php?rest_route=%2Fwp%2Fv2%2Ftags&post=10356"}],"curies":[{"name":"wp","href":"https:\/\/api.w.org\/{rel}","templated":true}]}}