{"id":1031,"date":"2020-08-17T11:18:33","date_gmt":"2020-08-17T11:18:33","guid":{"rendered":"https:\/\/www.latribunedufaso.net\/?p=1031"},"modified":"2020-08-26T17:12:06","modified_gmt":"2020-08-26T17:12:06","slug":"agriculture-burkinabe-environ-36-milliards-fcfa-de-pertes-par-an","status":"publish","type":"post","link":"https:\/\/www.latribunedufaso.net\/?p=1031","title":{"rendered":"Agriculture\u00a0burkinab\u00e8: Environ 36 milliards FCFA de pertes par an"},"content":{"rendered":"<p><strong>Les caract\u00e9ristiques et les difficult\u00e9s li\u00e9es \u00e0 l\u2019agriculture burkinab\u00e8 ont \u00e9t\u00e9 rendues publiques dans le programme d\u2019activit\u00e9s 2019 du minist\u00e8re de l\u2019agriculture et des am\u00e9nagements hydro-agricoles (MAAHA), r\u00e9dig\u00e9 en d\u00e9cembre 2018.<\/strong><br \/>\n<!--more--><\/p>\n<p><a href=\"https:\/\/latribunedufaso.net\/wp-content\/uploads\/2020\/08\/FB_IMG_15976616140486586.jpg\"><img loading=\"lazy\" decoding=\"async\" class=\" wp-image-1032 aligncenter\" src=\"https:\/\/latribunedufaso.net\/wp-content\/uploads\/2020\/08\/FB_IMG_15976616140486586-300x200.jpg\" alt=\"\" width=\"480\" height=\"320\" srcset=\"https:\/\/www.latribunedufaso.net\/wp-content\/uploads\/2020\/08\/FB_IMG_15976616140486586-300x200.jpg 300w, https:\/\/www.latribunedufaso.net\/wp-content\/uploads\/2020\/08\/FB_IMG_15976616140486586-600x400.jpg 600w, https:\/\/www.latribunedufaso.net\/wp-content\/uploads\/2020\/08\/FB_IMG_15976616140486586-120x80.jpg 120w, https:\/\/www.latribunedufaso.net\/wp-content\/uploads\/2020\/08\/FB_IMG_15976616140486586-360x240.jpg 360w, https:\/\/www.latribunedufaso.net\/wp-content\/uploads\/2020\/08\/FB_IMG_15976616140486586.jpg 712w\" sizes=\"auto, (max-width: 480px) 100vw, 480px\" \/><\/a>Le minist\u00e8re de l\u2019agriculture et des am\u00e9nagements hydro-agricoles (MAAHA), dans son programme d\u2019activit\u00e9s de 2019, est revenu sur les caract\u00e9ristiques de l\u2019agriculture au Burkina et les difficult\u00e9s qui emp\u00eachent le pays d\u2019atteindre la s\u00e9curit\u00e9 alimentaire. En effet, en ce qui concerne les caract\u00e9ristiques de cette agriculture, une \u00e9tude de la Direction g\u00e9n\u00e9rale des \u00e9tudes et des statistiques sectorielles (DGESS) didi minist\u00e8re, r\u00e9alis\u00e9e en 2018, indique la sah\u00e9lisation du Burkina Faso et fait savoir que la production agricole est essentiellement pluviale.<\/p>\n<p>Aussi fait-elle remarquer les fluctuations pluviom\u00e9triques qui jouent n\u00e9gativement sur les rendements, compte tenu de sa r\u00e9partition in\u00e9gale. \u00ab Le profil pluviom\u00e9trique du Burkina Faso est d\u00e9fini en trois zones agro-climatiques : la zone soudanienne (plus de 900 mm), la zone soudano-sah\u00e9lienne (600-900 mm) et la zone sah\u00e9lienne (moins de 600 mm). L\u2019\u00e9volution de la pluviom\u00e9trie sur la p\u00e9riode 1985-2017, montre une forte fluctuation de celle-ci dans toutes les zones \u00bb, a r\u00e9v\u00e9l\u00e9 l\u2019\u00e9tude de la DGESS. Au-del\u00e0 de ces caract\u00e9ristiques, quelles sont les difficult\u00e9s mises en lumi\u00e8res ?<\/p>\n<p>En termes de difficult\u00e9s, l\u2019\u00e9tude de la DGESS indique principalement les risques naturels et les attaques parasitaires. Les risques naturels, compos\u00e9s essentiellement de risques climatiques (s\u00e8cheresses, inondations, vents violents&#8230;), de risques li\u00e9s aux ravageurs des cultures (criquets, oiseaux, singes, \u00e9l\u00e9phants, chenille l\u00e9gionnaire\u2026) et de risques phytosanitaires. De ces risques, le choc pluviom\u00e9trique est le plus remarquable avec une repr\u00e9sentation de 87,41% des facteurs de pertes du rendement agricole.<\/p>\n<p>Ainsi, sur la d\u00e9cennie 2003-2013, les chocs pluviom\u00e9triques ont entrain\u00e9 une perte annuelle moyenne de 290 000 tonnes de c\u00e9r\u00e9ales \u00e9quivalant \u00e0 environ 36 milliards FCFA par an, et les risques li\u00e9s aux ravageurs \u00e0 une repr\u00e9sentation de 4,2% des pertes. Les ravageurs de culture envahissent environ 10% des parcelles de culture chaque ann\u00e9e ; ce qui \u00e9quivaut \u00e0 une perte de 4 800 tonnes de c\u00e9r\u00e9ales par an. En 2017, les chenilles l\u00e9gionnaires ont attaqu\u00e9 environ 58 324 hectares soit une perte estim\u00e9e \u00e0 193 479 tonnes ; ce qui repr\u00e9sente 5,03% de la production totale.<\/p>\n<p>Quant aux attaques parasitaires, g\u00e9n\u00e9ralement identifi\u00e9es par les maladies des plantes, elles ont touch\u00e9 6 % des parcelles de cultures affect\u00e9es par un risque naturel et occasionn\u00e9 des pertes totales annuelles de plus de 6 300 tonnes de c\u00e9r\u00e9ales en moyenne sur la p\u00e9riode 2003-2013. <span style=\"font-size: 1.0625rem;\">Les m\u00e9thodes utilis\u00e9es par les populations afin de faire face auxdites difficult\u00e9s ont de m\u00eame \u00e9t\u00e9 recens\u00e9es. Au nombre de celles-ci, l\u2019on note l\u2019usage des semences traditionnelles en lieu et place des semences am\u00e9lior\u00e9es, qui s\u2019av\u00e8re \u00eatre plus efficace et plus rentable, en terme de rendement. La seconde m\u00e9thode est celle de l\u2019usage des parcelles r\u00e9sistantes au choc pluviom\u00e9trique m\u00eame si la production est au rabais.<\/span><\/p>\n<p><strong>Tiba Kassamse Ou\u00e9draogo (Stagiaire)<\/strong><br \/>\n<strong>Latribunedufaso.net<\/strong><\/p>\n","protected":false},"excerpt":{"rendered":"<p>Les caract\u00e9ristiques et les difficult\u00e9s li\u00e9es \u00e0 l\u2019agriculture burkinab\u00e8 ont \u00e9t\u00e9 rendues publiques dans le programme d\u2019activit\u00e9s 2019 du minist\u00e8re de l\u2019agriculture et des am\u00e9nagements hydro-agricoles (MAAHA), r\u00e9dig\u00e9 en d\u00e9cembre 2018.<\/p>\n","protected":false},"author":2,"featured_media":1033,"comment_status":"open","ping_status":"open","sticky":false,"template":"","format":"standard","meta":{"footnotes":""},"categories":[1,3],"tags":[],"class_list":["post-1031","post","type-post","status-publish","format-standard","has-post-thumbnail","hentry","category-actu","category-agri"],"yoast_head":"<!-- This site is optimized with the Yoast SEO plugin v27.5 - https:\/\/yoast.com\/product\/yoast-seo-wordpress\/ -->\n<title>Agriculture\u00a0burkinab\u00e8: Environ 36 milliards FCFA de pertes par an - La Tribune du Faso<\/title>\n<meta name=\"robots\" content=\"index, follow, max-snippet:-1, max-image-preview:large, max-video-preview:-1\" \/>\n<link rel=\"canonical\" href=\"https:\/\/www.latribunedufaso.net\/?p=1031\" \/>\n<meta property=\"og:locale\" content=\"fr_FR\" \/>\n<meta property=\"og:type\" content=\"article\" \/>\n<meta property=\"og:title\" content=\"Agriculture\u00a0burkinab\u00e8: Environ 36 milliards FCFA de pertes par an - La Tribune du Faso\" \/>\n<meta property=\"og:description\" content=\"Les caract\u00e9ristiques et les difficult\u00e9s li\u00e9es \u00e0 l\u2019agriculture burkinab\u00e8 ont \u00e9t\u00e9 rendues publiques dans le programme d\u2019activit\u00e9s 2019 du minist\u00e8re de l\u2019agriculture et des am\u00e9nagements hydro-agricoles (MAAHA), r\u00e9dig\u00e9 en d\u00e9cembre 2018.\" \/>\n<meta property=\"og:url\" content=\"https:\/\/www.latribunedufaso.net\/?p=1031\" \/>\n<meta property=\"og:site_name\" content=\"La Tribune du Faso\" \/>\n<meta property=\"article:publisher\" content=\"https:\/\/www.facebook.com\/LatribuneduFaso\/\" \/>\n<meta property=\"article:published_time\" content=\"2020-08-17T11:18:33+00:00\" \/>\n<meta property=\"article:modified_time\" content=\"2020-08-26T17:12:06+00:00\" \/>\n<meta property=\"og:image\" content=\"https:\/\/latribunedufaso.net\/wp-content\/uploads\/2020\/08\/FB_IMG_15976617508163359.jpg\" \/>\n\t<meta property=\"og:image:width\" content=\"712\" \/>\n\t<meta property=\"og:image:height\" content=\"474\" \/>\n\t<meta property=\"og:image:type\" content=\"image\/jpeg\" \/>\n<meta name=\"author\" content=\"Administrateur\" \/>\n<meta name=\"twitter:label1\" content=\"\u00c9crit par\" \/>\n\t<meta name=\"twitter:data1\" content=\"Administrateur\" \/>\n\t<meta name=\"twitter:label2\" content=\"Dur\u00e9e de lecture estim\u00e9e\" \/>\n\t<meta name=\"twitter:data2\" content=\"3 minutes\" \/>\n<script type=\"application\/ld+json\" class=\"yoast-schema-graph\">{\"@context\":\"https:\\\/\\\/schema.org\",\"@graph\":[{\"@type\":\"Article\",\"@id\":\"https:\\\/\\\/www.latribunedufaso.net\\\/?p=1031#article\",\"isPartOf\":{\"@id\":\"https:\\\/\\\/www.latribunedufaso.net\\\/?p=1031\"},\"author\":{\"name\":\"Administrateur\",\"@id\":\"https:\\\/\\\/www.latribunedufaso.net\\\/#\\\/schema\\\/person\\\/a380782d0605bb8aae27c40ea93b35b1\"},\"headline\":\"Agriculture\u00a0burkinab\u00e8: Environ 36 milliards FCFA de pertes par an\",\"datePublished\":\"2020-08-17T11:18:33+00:00\",\"dateModified\":\"2020-08-26T17:12:06+00:00\",\"mainEntityOfPage\":{\"@id\":\"https:\\\/\\\/www.latribunedufaso.net\\\/?p=1031\"},\"wordCount\":547,\"commentCount\":0,\"publisher\":{\"@id\":\"https:\\\/\\\/www.latribunedufaso.net\\\/#organization\"},\"image\":{\"@id\":\"https:\\\/\\\/www.latribunedufaso.net\\\/?p=1031#primaryimage\"},\"thumbnailUrl\":\"https:\\\/\\\/www.latribunedufaso.net\\\/wp-content\\\/uploads\\\/2020\\\/08\\\/FB_IMG_15976617508163359.jpg\",\"articleSection\":[\"Actualit\u00e9\",\"Agriculture\"],\"inLanguage\":\"fr-FR\",\"potentialAction\":[{\"@type\":\"CommentAction\",\"name\":\"Comment\",\"target\":[\"https:\\\/\\\/www.latribunedufaso.net\\\/?p=1031#respond\"]}]},{\"@type\":\"WebPage\",\"@id\":\"https:\\\/\\\/www.latribunedufaso.net\\\/?p=1031\",\"url\":\"https:\\\/\\\/www.latribunedufaso.net\\\/?p=1031\",\"name\":\"Agriculture\u00a0burkinab\u00e8: Environ 36 milliards FCFA de pertes par an - La Tribune du Faso\",\"isPartOf\":{\"@id\":\"https:\\\/\\\/www.latribunedufaso.net\\\/#website\"},\"primaryImageOfPage\":{\"@id\":\"https:\\\/\\\/www.latribunedufaso.net\\\/?p=1031#primaryimage\"},\"image\":{\"@id\":\"https:\\\/\\\/www.latribunedufaso.net\\\/?p=1031#primaryimage\"},\"thumbnailUrl\":\"https:\\\/\\\/www.latribunedufaso.net\\\/wp-content\\\/uploads\\\/2020\\\/08\\\/FB_IMG_15976617508163359.jpg\",\"datePublished\":\"2020-08-17T11:18:33+00:00\",\"dateModified\":\"2020-08-26T17:12:06+00:00\",\"breadcrumb\":{\"@id\":\"https:\\\/\\\/www.latribunedufaso.net\\\/?p=1031#breadcrumb\"},\"inLanguage\":\"fr-FR\",\"potentialAction\":[{\"@type\":\"ReadAction\",\"target\":[\"https:\\\/\\\/www.latribunedufaso.net\\\/?p=1031\"]}]},{\"@type\":\"ImageObject\",\"inLanguage\":\"fr-FR\",\"@id\":\"https:\\\/\\\/www.latribunedufaso.net\\\/?p=1031#primaryimage\",\"url\":\"https:\\\/\\\/www.latribunedufaso.net\\\/wp-content\\\/uploads\\\/2020\\\/08\\\/FB_IMG_15976617508163359.jpg\",\"contentUrl\":\"https:\\\/\\\/www.latribunedufaso.net\\\/wp-content\\\/uploads\\\/2020\\\/08\\\/FB_IMG_15976617508163359.jpg\",\"width\":712,\"height\":474},{\"@type\":\"BreadcrumbList\",\"@id\":\"https:\\\/\\\/www.latribunedufaso.net\\\/?p=1031#breadcrumb\",\"itemListElement\":[{\"@type\":\"ListItem\",\"position\":1,\"name\":\"Accueil\",\"item\":\"https:\\\/\\\/www.latribunedufaso.net\\\/\"},{\"@type\":\"ListItem\",\"position\":2,\"name\":\"Agriculture\u00a0burkinab\u00e8: Environ 36 milliards FCFA de pertes par an\"}]},{\"@type\":\"WebSite\",\"@id\":\"https:\\\/\\\/www.latribunedufaso.net\\\/#website\",\"url\":\"https:\\\/\\\/www.latribunedufaso.net\\\/\",\"name\":\"La Tribune du Faso\",\"description\":\"L&#039;information du monde rural en un clic\",\"publisher\":{\"@id\":\"https:\\\/\\\/www.latribunedufaso.net\\\/#organization\"},\"potentialAction\":[{\"@type\":\"SearchAction\",\"target\":{\"@type\":\"EntryPoint\",\"urlTemplate\":\"https:\\\/\\\/www.latribunedufaso.net\\\/?s={search_term_string}\"},\"query-input\":{\"@type\":\"PropertyValueSpecification\",\"valueRequired\":true,\"valueName\":\"search_term_string\"}}],\"inLanguage\":\"fr-FR\"},{\"@type\":\"Organization\",\"@id\":\"https:\\\/\\\/www.latribunedufaso.net\\\/#organization\",\"name\":\"La Tribune du Faso\",\"url\":\"https:\\\/\\\/www.latribunedufaso.net\\\/\",\"logo\":{\"@type\":\"ImageObject\",\"inLanguage\":\"fr-FR\",\"@id\":\"https:\\\/\\\/www.latribunedufaso.net\\\/#\\\/schema\\\/logo\\\/image\\\/\",\"url\":\"https:\\\/\\\/www.latribunedufaso.net\\\/wp-content\\\/uploads\\\/2020\\\/08\\\/Logo-Tribune-du-Faso-final-scaled.jpg\",\"contentUrl\":\"https:\\\/\\\/www.latribunedufaso.net\\\/wp-content\\\/uploads\\\/2020\\\/08\\\/Logo-Tribune-du-Faso-final-scaled.jpg\",\"width\":2560,\"height\":1856,\"caption\":\"La Tribune du Faso\"},\"image\":{\"@id\":\"https:\\\/\\\/www.latribunedufaso.net\\\/#\\\/schema\\\/logo\\\/image\\\/\"},\"sameAs\":[\"https:\\\/\\\/www.facebook.com\\\/LatribuneduFaso\\\/\"]},{\"@type\":\"Person\",\"@id\":\"https:\\\/\\\/www.latribunedufaso.net\\\/#\\\/schema\\\/person\\\/a380782d0605bb8aae27c40ea93b35b1\",\"name\":\"Administrateur\",\"image\":{\"@type\":\"ImageObject\",\"inLanguage\":\"fr-FR\",\"@id\":\"https:\\\/\\\/secure.gravatar.com\\\/avatar\\\/e20266f97d741f0e80ba1f60283074a9b3317fd7bfb727e0d95b51dafbf854a1?s=96&d=mm&r=g\",\"url\":\"https:\\\/\\\/secure.gravatar.com\\\/avatar\\\/e20266f97d741f0e80ba1f60283074a9b3317fd7bfb727e0d95b51dafbf854a1?s=96&d=mm&r=g\",\"contentUrl\":\"https:\\\/\\\/secure.gravatar.com\\\/avatar\\\/e20266f97d741f0e80ba1f60283074a9b3317fd7bfb727e0d95b51dafbf854a1?s=96&d=mm&r=g\",\"caption\":\"Administrateur\"},\"url\":\"https:\\\/\\\/www.latribunedufaso.net\\\/?author=2\"}]}<\/script>\n<!-- \/ Yoast SEO plugin. -->","yoast_head_json":{"title":"Agriculture\u00a0burkinab\u00e8: Environ 36 milliards FCFA de pertes par an - La Tribune du Faso","robots":{"index":"index","follow":"follow","max-snippet":"max-snippet:-1","max-image-preview":"max-image-preview:large","max-video-preview":"max-video-preview:-1"},"canonical":"https:\/\/www.latribunedufaso.net\/?p=1031","og_locale":"fr_FR","og_type":"article","og_title":"Agriculture\u00a0burkinab\u00e8: Environ 36 milliards FCFA de pertes par an - La Tribune du Faso","og_description":"Les caract\u00e9ristiques et les difficult\u00e9s li\u00e9es \u00e0 l\u2019agriculture burkinab\u00e8 ont \u00e9t\u00e9 rendues publiques dans le programme d\u2019activit\u00e9s 2019 du minist\u00e8re de l\u2019agriculture et des am\u00e9nagements hydro-agricoles (MAAHA), r\u00e9dig\u00e9 en d\u00e9cembre 2018.","og_url":"https:\/\/www.latribunedufaso.net\/?p=1031","og_site_name":"La Tribune du Faso","article_publisher":"https:\/\/www.facebook.com\/LatribuneduFaso\/","article_published_time":"2020-08-17T11:18:33+00:00","article_modified_time":"2020-08-26T17:12:06+00:00","og_image":[{"width":712,"height":474,"url":"https:\/\/latribunedufaso.net\/wp-content\/uploads\/2020\/08\/FB_IMG_15976617508163359.jpg","type":"image\/jpeg"}],"author":"Administrateur","twitter_misc":{"\u00c9crit par":"Administrateur","Dur\u00e9e de lecture estim\u00e9e":"3 minutes"},"schema":{"@context":"https:\/\/schema.org","@graph":[{"@type":"Article","@id":"https:\/\/www.latribunedufaso.net\/?p=1031#article","isPartOf":{"@id":"https:\/\/www.latribunedufaso.net\/?p=1031"},"author":{"name":"Administrateur","@id":"https:\/\/www.latribunedufaso.net\/#\/schema\/person\/a380782d0605bb8aae27c40ea93b35b1"},"headline":"Agriculture\u00a0burkinab\u00e8: Environ 36 milliards FCFA de pertes par an","datePublished":"2020-08-17T11:18:33+00:00","dateModified":"2020-08-26T17:12:06+00:00","mainEntityOfPage":{"@id":"https:\/\/www.latribunedufaso.net\/?p=1031"},"wordCount":547,"commentCount":0,"publisher":{"@id":"https:\/\/www.latribunedufaso.net\/#organization"},"image":{"@id":"https:\/\/www.latribunedufaso.net\/?p=1031#primaryimage"},"thumbnailUrl":"https:\/\/www.latribunedufaso.net\/wp-content\/uploads\/2020\/08\/FB_IMG_15976617508163359.jpg","articleSection":["Actualit\u00e9","Agriculture"],"inLanguage":"fr-FR","potentialAction":[{"@type":"CommentAction","name":"Comment","target":["https:\/\/www.latribunedufaso.net\/?p=1031#respond"]}]},{"@type":"WebPage","@id":"https:\/\/www.latribunedufaso.net\/?p=1031","url":"https:\/\/www.latribunedufaso.net\/?p=1031","name":"Agriculture\u00a0burkinab\u00e8: Environ 36 milliards FCFA de pertes par an - La Tribune du Faso","isPartOf":{"@id":"https:\/\/www.latribunedufaso.net\/#website"},"primaryImageOfPage":{"@id":"https:\/\/www.latribunedufaso.net\/?p=1031#primaryimage"},"image":{"@id":"https:\/\/www.latribunedufaso.net\/?p=1031#primaryimage"},"thumbnailUrl":"https:\/\/www.latribunedufaso.net\/wp-content\/uploads\/2020\/08\/FB_IMG_15976617508163359.jpg","datePublished":"2020-08-17T11:18:33+00:00","dateModified":"2020-08-26T17:12:06+00:00","breadcrumb":{"@id":"https:\/\/www.latribunedufaso.net\/?p=1031#breadcrumb"},"inLanguage":"fr-FR","potentialAction":[{"@type":"ReadAction","target":["https:\/\/www.latribunedufaso.net\/?p=1031"]}]},{"@type":"ImageObject","inLanguage":"fr-FR","@id":"https:\/\/www.latribunedufaso.net\/?p=1031#primaryimage","url":"https:\/\/www.latribunedufaso.net\/wp-content\/uploads\/2020\/08\/FB_IMG_15976617508163359.jpg","contentUrl":"https:\/\/www.latribunedufaso.net\/wp-content\/uploads\/2020\/08\/FB_IMG_15976617508163359.jpg","width":712,"height":474},{"@type":"BreadcrumbList","@id":"https:\/\/www.latribunedufaso.net\/?p=1031#breadcrumb","itemListElement":[{"@type":"ListItem","position":1,"name":"Accueil","item":"https:\/\/www.latribunedufaso.net\/"},{"@type":"ListItem","position":2,"name":"Agriculture\u00a0burkinab\u00e8: Environ 36 milliards FCFA de pertes par an"}]},{"@type":"WebSite","@id":"https:\/\/www.latribunedufaso.net\/#website","url":"https:\/\/www.latribunedufaso.net\/","name":"La Tribune du Faso","description":"L&#039;information du monde rural en un clic","publisher":{"@id":"https:\/\/www.latribunedufaso.net\/#organization"},"potentialAction":[{"@type":"SearchAction","target":{"@type":"EntryPoint","urlTemplate":"https:\/\/www.latribunedufaso.net\/?s={search_term_string}"},"query-input":{"@type":"PropertyValueSpecification","valueRequired":true,"valueName":"search_term_string"}}],"inLanguage":"fr-FR"},{"@type":"Organization","@id":"https:\/\/www.latribunedufaso.net\/#organization","name":"La Tribune du Faso","url":"https:\/\/www.latribunedufaso.net\/","logo":{"@type":"ImageObject","inLanguage":"fr-FR","@id":"https:\/\/www.latribunedufaso.net\/#\/schema\/logo\/image\/","url":"https:\/\/www.latribunedufaso.net\/wp-content\/uploads\/2020\/08\/Logo-Tribune-du-Faso-final-scaled.jpg","contentUrl":"https:\/\/www.latribunedufaso.net\/wp-content\/uploads\/2020\/08\/Logo-Tribune-du-Faso-final-scaled.jpg","width":2560,"height":1856,"caption":"La Tribune du Faso"},"image":{"@id":"https:\/\/www.latribunedufaso.net\/#\/schema\/logo\/image\/"},"sameAs":["https:\/\/www.facebook.com\/LatribuneduFaso\/"]},{"@type":"Person","@id":"https:\/\/www.latribunedufaso.net\/#\/schema\/person\/a380782d0605bb8aae27c40ea93b35b1","name":"Administrateur","image":{"@type":"ImageObject","inLanguage":"fr-FR","@id":"https:\/\/secure.gravatar.com\/avatar\/e20266f97d741f0e80ba1f60283074a9b3317fd7bfb727e0d95b51dafbf854a1?s=96&d=mm&r=g","url":"https:\/\/secure.gravatar.com\/avatar\/e20266f97d741f0e80ba1f60283074a9b3317fd7bfb727e0d95b51dafbf854a1?s=96&d=mm&r=g","contentUrl":"https:\/\/secure.gravatar.com\/avatar\/e20266f97d741f0e80ba1f60283074a9b3317fd7bfb727e0d95b51dafbf854a1?s=96&d=mm&r=g","caption":"Administrateur"},"url":"https:\/\/www.latribunedufaso.net\/?author=2"}]}},"_links":{"self":[{"href":"https:\/\/www.latribunedufaso.net\/index.php?rest_route=\/wp\/v2\/posts\/1031","targetHints":{"allow":["GET"]}}],"collection":[{"href":"https:\/\/www.latribunedufaso.net\/index.php?rest_route=\/wp\/v2\/posts"}],"about":[{"href":"https:\/\/www.latribunedufaso.net\/index.php?rest_route=\/wp\/v2\/types\/post"}],"author":[{"embeddable":true,"href":"https:\/\/www.latribunedufaso.net\/index.php?rest_route=\/wp\/v2\/users\/2"}],"replies":[{"embeddable":true,"href":"https:\/\/www.latribunedufaso.net\/index.php?rest_route=%2Fwp%2Fv2%2Fcomments&post=1031"}],"version-history":[{"count":3,"href":"https:\/\/www.latribunedufaso.net\/index.php?rest_route=\/wp\/v2\/posts\/1031\/revisions"}],"predecessor-version":[{"id":1060,"href":"https:\/\/www.latribunedufaso.net\/index.php?rest_route=\/wp\/v2\/posts\/1031\/revisions\/1060"}],"wp:featuredmedia":[{"embeddable":true,"href":"https:\/\/www.latribunedufaso.net\/index.php?rest_route=\/wp\/v2\/media\/1033"}],"wp:attachment":[{"href":"https:\/\/www.latribunedufaso.net\/index.php?rest_route=%2Fwp%2Fv2%2Fmedia&parent=1031"}],"wp:term":[{"taxonomy":"category","embeddable":true,"href":"https:\/\/www.latribunedufaso.net\/index.php?rest_route=%2Fwp%2Fv2%2Fcategories&post=1031"},{"taxonomy":"post_tag","embeddable":true,"href":"https:\/\/www.latribunedufaso.net\/index.php?rest_route=%2Fwp%2Fv2%2Ftags&post=1031"}],"curies":[{"name":"wp","href":"https:\/\/api.w.org\/{rel}","templated":true}]}}