{"id":10236,"date":"2023-11-09T16:11:56","date_gmt":"2023-11-09T16:11:56","guid":{"rendered":"https:\/\/www.latribunedufaso.net\/?p=10236"},"modified":"2023-11-09T16:11:56","modified_gmt":"2023-11-09T16:11:56","slug":"contribution-volontaire-a-leffort-de-paix-plus-de-121-millions-de-fcfa-mobilises-au-mois-de-septembre-2023","status":"publish","type":"post","link":"https:\/\/www.latribunedufaso.net\/?p=10236","title":{"rendered":"Contribution volontaire \u00e0 l&rsquo;effort de paix : Plus de 121 millions de FCFA mobilis\u00e9s au mois de septembre 2023"},"content":{"rendered":"<p><strong><span style=\"font-size: 1.0625rem;\">La commission de r\u00e9ception et de gestion des dons pour la reconqu\u00eate du territoire national a pr\u00e9sent\u00e9 son bilan de 10e mois \u00e0 travers un communiqu\u00e9 de presse, sign\u00e9 le 29 septembre 2023 \u00e0 Ouagadougou.<\/span><\/strong><br \/><!--more--><\/p>\n<p>Selon ledit bilan, le cumul des dons en esp\u00e8ces pour le mois de septembre s\u2019\u00e9l\u00e8ve \u00e0 121 786 339 FCFA (Mobile money et transaction sur le compte du tr\u00e9sor) . Cela fait un r\u00e9capitulatif de 1 349 752 575 CFA mobilis\u00e9s, depuis le d\u00e9but de l\u2019op\u00e9ration. De ce montant, au total 542 957 390 ont \u00e9t\u00e9 d\u00e9pens\u00e9s. Les d\u00e9penses sont entre autres la confection de ch\u00e9quiers, l\u2019achat de lubrifiants au profit de d\u00e9tachements militaires, la prise en charge des Volontaires pour la d\u00e9fense de la patrie (VDP). Apr\u00e8s d\u00e9penses, le solde en compte est de 806 795 185 F CFA.<\/p>\n<p>En ce qui concerne les dons en nature pour le mois en question, la commission a re\u00e7u 01 lot de v\u00eatements pour hommes et 03 motos de type Aloba.<\/p>\n<p>Ces dons en nature en plus de 08 tonnes de ma\u00efs et 02 tonnes de riz ont \u00e9t\u00e9 mis \u00e0 la disposition entre autres des veuves et orphelins des militaires tomb\u00e9s du 30\u00e8me RCAS (3\u00e8me R\u00e9gion Militaire) et du 23\u00e8me RIC \u00e0 D\u00e9dougou (5\u00e8me R\u00e9gion Militaire).<\/p>\n<p>La commission rappelle \u00e0 tous ceux qui voudront apporter leur contribution en esp\u00e8ce ou en nature \u00e0 suivre ces proc\u00e9dures. *144*10*7480092*montant# (Orange Money), #144 1 3 1 2261111222247 montant# (\u00e0 partir d\u2019un compte Orange Money C\u00f4te d\u2019Ivoire), *555*2*1*52616161*montant# (Moov Money). Pour les Versement en esp\u00e8ces \/Virement bancaire , BF670-01001-443590001593-15 et BF000-01001-000000050011-61. Quant aux contributions en nature, c\u2019est de prendre attache avec la commission aux num\u00e9ros +226 70 00 88 75 \/ +226 65 08 32 10\/+226 70 52 59 49.<\/p>\n<p><strong><span style=\"font-size: 1.0625rem;\">Latribunedufaso.net<\/span><\/strong><\/p>\n<p><strong>Source : Pr\u00e9sidence du Faso\u00a0<\/strong><\/p>\n","protected":false},"excerpt":{"rendered":"<p>La commission de r\u00e9ception et de gestion des dons pour la reconqu\u00eate du territoire national a pr\u00e9sent\u00e9 son bilan de 10e mois \u00e0 travers un communiqu\u00e9 de presse, sign\u00e9 le 29 septembre 2023 \u00e0 Ouagadougou.<\/p>\n","protected":false},"author":5,"featured_media":10237,"comment_status":"open","ping_status":"open","sticky":false,"template":"","format":"standard","meta":{"footnotes":""},"categories":[13,1,8],"tags":[],"class_list":["post-10236","post","type-post","status-publish","format-standard","has-post-thumbnail","hentry","category-une","category-actu","category-societe"],"yoast_head":"<!-- This site is optimized with the Yoast SEO plugin v27.4 - https:\/\/yoast.com\/product\/yoast-seo-wordpress\/ -->\n<title>Contribution volontaire \u00e0 l&#039;effort de paix : Plus de 121 millions de FCFA mobilis\u00e9s au mois de septembre 2023 - La Tribune du Faso<\/title>\n<meta name=\"robots\" content=\"index, follow, max-snippet:-1, max-image-preview:large, max-video-preview:-1\" \/>\n<link rel=\"canonical\" href=\"https:\/\/www.latribunedufaso.net\/?p=10236\" \/>\n<meta property=\"og:locale\" content=\"fr_FR\" \/>\n<meta property=\"og:type\" content=\"article\" \/>\n<meta property=\"og:title\" content=\"Contribution volontaire \u00e0 l&#039;effort de paix : Plus de 121 millions de FCFA mobilis\u00e9s au mois de septembre 2023 - La Tribune du Faso\" \/>\n<meta property=\"og:description\" content=\"La commission de r\u00e9ception et de gestion des dons pour la reconqu\u00eate du territoire national a pr\u00e9sent\u00e9 son bilan de 10e mois \u00e0 travers un communiqu\u00e9 de presse, sign\u00e9 le 29 septembre 2023 \u00e0 Ouagadougou.\" \/>\n<meta property=\"og:url\" content=\"https:\/\/www.latribunedufaso.net\/?p=10236\" \/>\n<meta property=\"og:site_name\" content=\"La Tribune du Faso\" \/>\n<meta property=\"article:publisher\" content=\"https:\/\/www.facebook.com\/LatribuneduFaso\/\" \/>\n<meta property=\"article:published_time\" content=\"2023-11-09T16:11:56+00:00\" \/>\n<meta property=\"og:image\" content=\"https:\/\/www.latribunedufaso.net\/wp-content\/uploads\/2023\/11\/telechargement.jpeg\" \/>\n\t<meta property=\"og:image:width\" content=\"299\" \/>\n\t<meta property=\"og:image:height\" content=\"168\" \/>\n\t<meta property=\"og:image:type\" content=\"image\/jpeg\" \/>\n<meta name=\"author\" content=\"Issouf Tapsoba\" \/>\n<meta name=\"twitter:label1\" content=\"\u00c9crit par\" \/>\n\t<meta name=\"twitter:data1\" content=\"Issouf Tapsoba\" \/>\n\t<meta name=\"twitter:label2\" content=\"Dur\u00e9e de lecture estim\u00e9e\" \/>\n\t<meta name=\"twitter:data2\" content=\"1 minute\" \/>\n<script type=\"application\/ld+json\" class=\"yoast-schema-graph\">{\"@context\":\"https:\\\/\\\/schema.org\",\"@graph\":[{\"@type\":\"Article\",\"@id\":\"https:\\\/\\\/www.latribunedufaso.net\\\/?p=10236#article\",\"isPartOf\":{\"@id\":\"https:\\\/\\\/www.latribunedufaso.net\\\/?p=10236\"},\"author\":{\"name\":\"Issouf Tapsoba\",\"@id\":\"https:\\\/\\\/www.latribunedufaso.net\\\/#\\\/schema\\\/person\\\/e54e64c5778a7e72cf80a318b7a622b0\"},\"headline\":\"Contribution volontaire \u00e0 l&rsquo;effort de paix : Plus de 121 millions de FCFA mobilis\u00e9s au mois de septembre 2023\",\"datePublished\":\"2023-11-09T16:11:56+00:00\",\"mainEntityOfPage\":{\"@id\":\"https:\\\/\\\/www.latribunedufaso.net\\\/?p=10236\"},\"wordCount\":307,\"commentCount\":0,\"publisher\":{\"@id\":\"https:\\\/\\\/www.latribunedufaso.net\\\/#organization\"},\"image\":{\"@id\":\"https:\\\/\\\/www.latribunedufaso.net\\\/?p=10236#primaryimage\"},\"thumbnailUrl\":\"https:\\\/\\\/www.latribunedufaso.net\\\/wp-content\\\/uploads\\\/2023\\\/11\\\/telechargement.jpeg\",\"articleSection\":[\"A la une\",\"Actualit\u00e9\",\"Soci\u00e9t\u00e9\"],\"inLanguage\":\"fr-FR\",\"potentialAction\":[{\"@type\":\"CommentAction\",\"name\":\"Comment\",\"target\":[\"https:\\\/\\\/www.latribunedufaso.net\\\/?p=10236#respond\"]}]},{\"@type\":\"WebPage\",\"@id\":\"https:\\\/\\\/www.latribunedufaso.net\\\/?p=10236\",\"url\":\"https:\\\/\\\/www.latribunedufaso.net\\\/?p=10236\",\"name\":\"Contribution volontaire \u00e0 l'effort de paix : Plus de 121 millions de FCFA mobilis\u00e9s au mois de septembre 2023 - La Tribune du Faso\",\"isPartOf\":{\"@id\":\"https:\\\/\\\/www.latribunedufaso.net\\\/#website\"},\"primaryImageOfPage\":{\"@id\":\"https:\\\/\\\/www.latribunedufaso.net\\\/?p=10236#primaryimage\"},\"image\":{\"@id\":\"https:\\\/\\\/www.latribunedufaso.net\\\/?p=10236#primaryimage\"},\"thumbnailUrl\":\"https:\\\/\\\/www.latribunedufaso.net\\\/wp-content\\\/uploads\\\/2023\\\/11\\\/telechargement.jpeg\",\"datePublished\":\"2023-11-09T16:11:56+00:00\",\"breadcrumb\":{\"@id\":\"https:\\\/\\\/www.latribunedufaso.net\\\/?p=10236#breadcrumb\"},\"inLanguage\":\"fr-FR\",\"potentialAction\":[{\"@type\":\"ReadAction\",\"target\":[\"https:\\\/\\\/www.latribunedufaso.net\\\/?p=10236\"]}]},{\"@type\":\"ImageObject\",\"inLanguage\":\"fr-FR\",\"@id\":\"https:\\\/\\\/www.latribunedufaso.net\\\/?p=10236#primaryimage\",\"url\":\"https:\\\/\\\/www.latribunedufaso.net\\\/wp-content\\\/uploads\\\/2023\\\/11\\\/telechargement.jpeg\",\"contentUrl\":\"https:\\\/\\\/www.latribunedufaso.net\\\/wp-content\\\/uploads\\\/2023\\\/11\\\/telechargement.jpeg\",\"width\":299,\"height\":168},{\"@type\":\"BreadcrumbList\",\"@id\":\"https:\\\/\\\/www.latribunedufaso.net\\\/?p=10236#breadcrumb\",\"itemListElement\":[{\"@type\":\"ListItem\",\"position\":1,\"name\":\"Accueil\",\"item\":\"https:\\\/\\\/www.latribunedufaso.net\\\/\"},{\"@type\":\"ListItem\",\"position\":2,\"name\":\"Contribution volontaire \u00e0 l&rsquo;effort de paix : Plus de 121 millions de FCFA mobilis\u00e9s au mois de septembre 2023\"}]},{\"@type\":\"WebSite\",\"@id\":\"https:\\\/\\\/www.latribunedufaso.net\\\/#website\",\"url\":\"https:\\\/\\\/www.latribunedufaso.net\\\/\",\"name\":\"La Tribune du Faso\",\"description\":\"L&#039;information du monde rural en un clic\",\"publisher\":{\"@id\":\"https:\\\/\\\/www.latribunedufaso.net\\\/#organization\"},\"potentialAction\":[{\"@type\":\"SearchAction\",\"target\":{\"@type\":\"EntryPoint\",\"urlTemplate\":\"https:\\\/\\\/www.latribunedufaso.net\\\/?s={search_term_string}\"},\"query-input\":{\"@type\":\"PropertyValueSpecification\",\"valueRequired\":true,\"valueName\":\"search_term_string\"}}],\"inLanguage\":\"fr-FR\"},{\"@type\":\"Organization\",\"@id\":\"https:\\\/\\\/www.latribunedufaso.net\\\/#organization\",\"name\":\"La Tribune du Faso\",\"url\":\"https:\\\/\\\/www.latribunedufaso.net\\\/\",\"logo\":{\"@type\":\"ImageObject\",\"inLanguage\":\"fr-FR\",\"@id\":\"https:\\\/\\\/www.latribunedufaso.net\\\/#\\\/schema\\\/logo\\\/image\\\/\",\"url\":\"https:\\\/\\\/www.latribunedufaso.net\\\/wp-content\\\/uploads\\\/2020\\\/08\\\/Logo-Tribune-du-Faso-final-scaled.jpg\",\"contentUrl\":\"https:\\\/\\\/www.latribunedufaso.net\\\/wp-content\\\/uploads\\\/2020\\\/08\\\/Logo-Tribune-du-Faso-final-scaled.jpg\",\"width\":2560,\"height\":1856,\"caption\":\"La Tribune du Faso\"},\"image\":{\"@id\":\"https:\\\/\\\/www.latribunedufaso.net\\\/#\\\/schema\\\/logo\\\/image\\\/\"},\"sameAs\":[\"https:\\\/\\\/www.facebook.com\\\/LatribuneduFaso\\\/\"]},{\"@type\":\"Person\",\"@id\":\"https:\\\/\\\/www.latribunedufaso.net\\\/#\\\/schema\\\/person\\\/e54e64c5778a7e72cf80a318b7a622b0\",\"name\":\"Issouf Tapsoba\",\"image\":{\"@type\":\"ImageObject\",\"inLanguage\":\"fr-FR\",\"@id\":\"https:\\\/\\\/secure.gravatar.com\\\/avatar\\\/5e6c05150ce3230247d167f5b94d678eb05936197436d69b7921e3a95c9107ac?s=96&d=mm&r=g\",\"url\":\"https:\\\/\\\/secure.gravatar.com\\\/avatar\\\/5e6c05150ce3230247d167f5b94d678eb05936197436d69b7921e3a95c9107ac?s=96&d=mm&r=g\",\"contentUrl\":\"https:\\\/\\\/secure.gravatar.com\\\/avatar\\\/5e6c05150ce3230247d167f5b94d678eb05936197436d69b7921e3a95c9107ac?s=96&d=mm&r=g\",\"caption\":\"Issouf Tapsoba\"},\"url\":\"https:\\\/\\\/www.latribunedufaso.net\\\/?author=5\"}]}<\/script>\n<!-- \/ Yoast SEO plugin. -->","yoast_head_json":{"title":"Contribution volontaire \u00e0 l'effort de paix : Plus de 121 millions de FCFA mobilis\u00e9s au mois de septembre 2023 - La Tribune du Faso","robots":{"index":"index","follow":"follow","max-snippet":"max-snippet:-1","max-image-preview":"max-image-preview:large","max-video-preview":"max-video-preview:-1"},"canonical":"https:\/\/www.latribunedufaso.net\/?p=10236","og_locale":"fr_FR","og_type":"article","og_title":"Contribution volontaire \u00e0 l'effort de paix : Plus de 121 millions de FCFA mobilis\u00e9s au mois de septembre 2023 - La Tribune du Faso","og_description":"La commission de r\u00e9ception et de gestion des dons pour la reconqu\u00eate du territoire national a pr\u00e9sent\u00e9 son bilan de 10e mois \u00e0 travers un communiqu\u00e9 de presse, sign\u00e9 le 29 septembre 2023 \u00e0 Ouagadougou.","og_url":"https:\/\/www.latribunedufaso.net\/?p=10236","og_site_name":"La Tribune du Faso","article_publisher":"https:\/\/www.facebook.com\/LatribuneduFaso\/","article_published_time":"2023-11-09T16:11:56+00:00","og_image":[{"width":299,"height":168,"url":"https:\/\/www.latribunedufaso.net\/wp-content\/uploads\/2023\/11\/telechargement.jpeg","type":"image\/jpeg"}],"author":"Issouf Tapsoba","twitter_misc":{"\u00c9crit par":"Issouf Tapsoba","Dur\u00e9e de lecture estim\u00e9e":"1 minute"},"schema":{"@context":"https:\/\/schema.org","@graph":[{"@type":"Article","@id":"https:\/\/www.latribunedufaso.net\/?p=10236#article","isPartOf":{"@id":"https:\/\/www.latribunedufaso.net\/?p=10236"},"author":{"name":"Issouf Tapsoba","@id":"https:\/\/www.latribunedufaso.net\/#\/schema\/person\/e54e64c5778a7e72cf80a318b7a622b0"},"headline":"Contribution volontaire \u00e0 l&rsquo;effort de paix : Plus de 121 millions de FCFA mobilis\u00e9s au mois de septembre 2023","datePublished":"2023-11-09T16:11:56+00:00","mainEntityOfPage":{"@id":"https:\/\/www.latribunedufaso.net\/?p=10236"},"wordCount":307,"commentCount":0,"publisher":{"@id":"https:\/\/www.latribunedufaso.net\/#organization"},"image":{"@id":"https:\/\/www.latribunedufaso.net\/?p=10236#primaryimage"},"thumbnailUrl":"https:\/\/www.latribunedufaso.net\/wp-content\/uploads\/2023\/11\/telechargement.jpeg","articleSection":["A la une","Actualit\u00e9","Soci\u00e9t\u00e9"],"inLanguage":"fr-FR","potentialAction":[{"@type":"CommentAction","name":"Comment","target":["https:\/\/www.latribunedufaso.net\/?p=10236#respond"]}]},{"@type":"WebPage","@id":"https:\/\/www.latribunedufaso.net\/?p=10236","url":"https:\/\/www.latribunedufaso.net\/?p=10236","name":"Contribution volontaire \u00e0 l'effort de paix : Plus de 121 millions de FCFA mobilis\u00e9s au mois de septembre 2023 - La Tribune du Faso","isPartOf":{"@id":"https:\/\/www.latribunedufaso.net\/#website"},"primaryImageOfPage":{"@id":"https:\/\/www.latribunedufaso.net\/?p=10236#primaryimage"},"image":{"@id":"https:\/\/www.latribunedufaso.net\/?p=10236#primaryimage"},"thumbnailUrl":"https:\/\/www.latribunedufaso.net\/wp-content\/uploads\/2023\/11\/telechargement.jpeg","datePublished":"2023-11-09T16:11:56+00:00","breadcrumb":{"@id":"https:\/\/www.latribunedufaso.net\/?p=10236#breadcrumb"},"inLanguage":"fr-FR","potentialAction":[{"@type":"ReadAction","target":["https:\/\/www.latribunedufaso.net\/?p=10236"]}]},{"@type":"ImageObject","inLanguage":"fr-FR","@id":"https:\/\/www.latribunedufaso.net\/?p=10236#primaryimage","url":"https:\/\/www.latribunedufaso.net\/wp-content\/uploads\/2023\/11\/telechargement.jpeg","contentUrl":"https:\/\/www.latribunedufaso.net\/wp-content\/uploads\/2023\/11\/telechargement.jpeg","width":299,"height":168},{"@type":"BreadcrumbList","@id":"https:\/\/www.latribunedufaso.net\/?p=10236#breadcrumb","itemListElement":[{"@type":"ListItem","position":1,"name":"Accueil","item":"https:\/\/www.latribunedufaso.net\/"},{"@type":"ListItem","position":2,"name":"Contribution volontaire \u00e0 l&rsquo;effort de paix : Plus de 121 millions de FCFA mobilis\u00e9s au mois de septembre 2023"}]},{"@type":"WebSite","@id":"https:\/\/www.latribunedufaso.net\/#website","url":"https:\/\/www.latribunedufaso.net\/","name":"La Tribune du Faso","description":"L&#039;information du monde rural en un clic","publisher":{"@id":"https:\/\/www.latribunedufaso.net\/#organization"},"potentialAction":[{"@type":"SearchAction","target":{"@type":"EntryPoint","urlTemplate":"https:\/\/www.latribunedufaso.net\/?s={search_term_string}"},"query-input":{"@type":"PropertyValueSpecification","valueRequired":true,"valueName":"search_term_string"}}],"inLanguage":"fr-FR"},{"@type":"Organization","@id":"https:\/\/www.latribunedufaso.net\/#organization","name":"La Tribune du Faso","url":"https:\/\/www.latribunedufaso.net\/","logo":{"@type":"ImageObject","inLanguage":"fr-FR","@id":"https:\/\/www.latribunedufaso.net\/#\/schema\/logo\/image\/","url":"https:\/\/www.latribunedufaso.net\/wp-content\/uploads\/2020\/08\/Logo-Tribune-du-Faso-final-scaled.jpg","contentUrl":"https:\/\/www.latribunedufaso.net\/wp-content\/uploads\/2020\/08\/Logo-Tribune-du-Faso-final-scaled.jpg","width":2560,"height":1856,"caption":"La Tribune du Faso"},"image":{"@id":"https:\/\/www.latribunedufaso.net\/#\/schema\/logo\/image\/"},"sameAs":["https:\/\/www.facebook.com\/LatribuneduFaso\/"]},{"@type":"Person","@id":"https:\/\/www.latribunedufaso.net\/#\/schema\/person\/e54e64c5778a7e72cf80a318b7a622b0","name":"Issouf Tapsoba","image":{"@type":"ImageObject","inLanguage":"fr-FR","@id":"https:\/\/secure.gravatar.com\/avatar\/5e6c05150ce3230247d167f5b94d678eb05936197436d69b7921e3a95c9107ac?s=96&d=mm&r=g","url":"https:\/\/secure.gravatar.com\/avatar\/5e6c05150ce3230247d167f5b94d678eb05936197436d69b7921e3a95c9107ac?s=96&d=mm&r=g","contentUrl":"https:\/\/secure.gravatar.com\/avatar\/5e6c05150ce3230247d167f5b94d678eb05936197436d69b7921e3a95c9107ac?s=96&d=mm&r=g","caption":"Issouf Tapsoba"},"url":"https:\/\/www.latribunedufaso.net\/?author=5"}]}},"_links":{"self":[{"href":"https:\/\/www.latribunedufaso.net\/index.php?rest_route=\/wp\/v2\/posts\/10236","targetHints":{"allow":["GET"]}}],"collection":[{"href":"https:\/\/www.latribunedufaso.net\/index.php?rest_route=\/wp\/v2\/posts"}],"about":[{"href":"https:\/\/www.latribunedufaso.net\/index.php?rest_route=\/wp\/v2\/types\/post"}],"author":[{"embeddable":true,"href":"https:\/\/www.latribunedufaso.net\/index.php?rest_route=\/wp\/v2\/users\/5"}],"replies":[{"embeddable":true,"href":"https:\/\/www.latribunedufaso.net\/index.php?rest_route=%2Fwp%2Fv2%2Fcomments&post=10236"}],"version-history":[{"count":1,"href":"https:\/\/www.latribunedufaso.net\/index.php?rest_route=\/wp\/v2\/posts\/10236\/revisions"}],"predecessor-version":[{"id":10238,"href":"https:\/\/www.latribunedufaso.net\/index.php?rest_route=\/wp\/v2\/posts\/10236\/revisions\/10238"}],"wp:featuredmedia":[{"embeddable":true,"href":"https:\/\/www.latribunedufaso.net\/index.php?rest_route=\/wp\/v2\/media\/10237"}],"wp:attachment":[{"href":"https:\/\/www.latribunedufaso.net\/index.php?rest_route=%2Fwp%2Fv2%2Fmedia&parent=10236"}],"wp:term":[{"taxonomy":"category","embeddable":true,"href":"https:\/\/www.latribunedufaso.net\/index.php?rest_route=%2Fwp%2Fv2%2Fcategories&post=10236"},{"taxonomy":"post_tag","embeddable":true,"href":"https:\/\/www.latribunedufaso.net\/index.php?rest_route=%2Fwp%2Fv2%2Ftags&post=10236"}],"curies":[{"name":"wp","href":"https:\/\/api.w.org\/{rel}","templated":true}]}}